{"id":9341,"date":"2021-04-16T12:06:58","date_gmt":"2021-04-16T15:06:58","guid":{"rendered":"https:\/\/diariotribuna.com.br\/?p=9341"},"modified":"2021-04-22T10:45:20","modified_gmt":"2021-04-22T13:45:20","slug":"em-solenidade-virtual-oab-minas-gerais-instala-a-246a-subsecao-em-novo-cruzeiro","status":"publish","type":"post","link":"https:\/\/diariotribuna.com.br\/?p=9341","title":{"rendered":"Em solenidade virtual OAB Minas Gerais instala a 246\u00aa Subse\u00e7\u00e3o em Novo Cruzeiro"},"content":{"rendered":"\n<figure class=\"wp-block-image size-large is-resized\"><img loading=\"lazy\" decoding=\"async\" src=\"https:\/\/diariotribuna.com.br\/wp-content\/uploads\/2021\/04\/12.jpg\" alt=\"\" class=\"wp-image-9342\" width=\"591\" height=\"344\" srcset=\"https:\/\/diariotribuna.com.br\/wp-content\/uploads\/2021\/04\/12.jpg 650w, https:\/\/diariotribuna.com.br\/wp-content\/uploads\/2021\/04\/12-300x174.jpg 300w\" sizes=\"(max-width: 591px) 100vw, 591px\" \/><\/figure>\n\n\n\n<p>Durante solenidade virtual realizada na segunda-feira (12\/04\/21), foi instalada a 246\u00aa Subse\u00e7\u00e3o da OAB\/ MG em Novo Cruzeiro. A cerim\u00f4nia foi conduzida pelo presidente da OAB Minas Gerais, dr. Raimundo C\u00e2ndido J\u00fanior \u201cRaimundinho\u201d, que deu posse aos diretores da Subseccional, que pertencia anteriormente, \u00e0 Subse\u00e7\u00e3o de Te\u00f3filo Otoni. A comarca da regi\u00e3o abrange os munic\u00edpios de Cara\u00ed, Itaip\u00e9 e Catuji, al\u00e9m de Novo Cruzeiro, que \u00e9 a sede.<\/p>\n\n\n\n<p>O presidente empossado da OAB\/MG \u2013 Novo Cruzeiro, dr. Elson Ramos da Cruz, agradeceu ao presidente da OAB Minas Gerais, Raimundinho; \u00e0 presidente da OAB de Te\u00f3filo Otoni, dra. Maria Beatriz Cunha Cicci Neves, e ao Diretor de Apoio \u00e0s Subse\u00e7\u00f5es, dr. Raimundo C\u00e2ndido Neto, pela aten\u00e7\u00e3o com a advocacia, com a cria\u00e7\u00e3o da OAB local. &#8220;Sinto-me honrado em representar os advogados \u00e0 frente desta subse\u00e7\u00e3o e agrade\u00e7o o apoio de todos. Nosso trabalho, a partir de agora, ser\u00e1 a cria\u00e7\u00e3o de mais uma vara na comarca&#8221;, destacou.<\/p>\n\n\n\n<p>O presidente da OAB Minas Gerais, dr. Raimundo C\u00e2ndido J\u00fanior \u201cRaimundinho\u201d, se colocou \u00e0 disposi\u00e7\u00e3o para apoiar a nova subse\u00e7\u00e3o e trabalhar junto ao Tribunal de Justi\u00e7a de Minas Gerais (TJMG) para a cria\u00e7\u00e3o de mais uma vara para a comarca. De acordo com a ju\u00edza local, dra. Samira da Cunha, Novo Cruzeiro tem o maior acervo de vara \u00fanica no estado. Ela afirmou trabalhar com uma m\u00e9dia mensal de mil processos.<\/p>\n\n\n\n<p>O diretor de apoio \u00e0s Subse\u00e7\u00f5es, dr. Raimundo C\u00e2ndido Neto, parabenizou a advocacia local e destacou o compromisso com a descentraliza\u00e7\u00e3o da OAB. &#8220;Estamos todos empenhados na boa presta\u00e7\u00e3o jurisdicional \u00e0 popula\u00e7\u00e3o e a nova subse\u00e7\u00e3o ir\u00e1 contribuir muito para isso&#8221;, ressaltou.<\/p>\n\n\n\n<p>A presidente da 28\u00aa Subse\u00e7\u00e3o da OAB\/MG \u2013 Te\u00f3filo Otoni, dra. Maria Beatriz Cunha Cicci Neves, em seu pronunciamento, parabenizou a comarca de Novo Cruzeiro por essa importante conquista, e confirmou seu compromisso de fazer muito mais pela classe dos advogados, numa forma de valorizar o profissional.<\/p>\n\n\n\n<p>A reuni\u00e3o virtual contou com mais de 50 participantes, entre autoridades e representantes do judici\u00e1rio, do legislativo local e da regi\u00e3o, destaque para: o Ministro aposentado do Superior Tribunal de Justi\u00e7a, dr. Arnaldo Esteves de Lima, natural de Novo Cruzeiro; juiz federal de Te\u00f3filo Otoni, dr. Ant\u00f4nio L\u00facio; o promotor de Justi\u00e7a da Comarca de Novo Cruzeiro, dr. Caio C\u00e9sar Ferreira, o prefeito de Novo Cruzeiro, Milton Coelho de Oliveira \u201cNem Capot\u00e3o\u201d; o presidente da C\u00e2mara Municipal de Novo Cruzeiro, Arnaldo da Paix\u00e3o Gomes, al\u00e9m do secret\u00e1rio da OAB Minas, Adriano Cardoso; o diretor institucional, Marco Ant\u00f4nio Freitas, o conselheiro seccional, dr. Reynaldo do Carmo Neves, a presidente da 28\u00aa Subse\u00e7\u00e3o da OAB\/MG, dra. Maria Beatriz Cunha Cicci Neves, e representantes da advocacia local. (Informa\u00e7\u00f5es: OAB\/MG).<\/p>\n\n\n\n<h3 class=\"has-text-color wp-block-heading\" style=\"color:#116697\"><strong><span class=\"has-inline-color has-vivid-red-color\">Diretoria da 246\u00aa Subse\u00e7\u00e3o da OAB\/MG &#8211; Novo Cruzeiro:<\/span><\/strong><\/h3>\n\n\n\n<p><strong>Presidente:<\/strong> Dr. Elson Ramos da Cruz<\/p>\n\n\n\n<p><strong>Vice-Presidente:<\/strong> Dra. Raisa Lages Maravilha<\/p>\n\n\n\n<p><strong>Secret\u00e1rio-Adjunto:<\/strong> Dr. Claudionor Almeida J\u00fanior<\/p>\n\n\n\n<p><strong>Secret\u00e1ria Geral:<\/strong> Dra. S\u00f4nia de Souza Santos<strong>Tesoureiro<\/strong>: Dr. Jo\u00e3o Henrique Paschoal.<\/p>\n\n\n\n<h4 class=\"wp-block-heading\"><strong><span class=\"has-inline-color has-vivid-red-color\">Solenidade de instala\u00e7\u00e3o da 246\u00aa Subse\u00e7\u00e3o da OAB\/ MG em Novo Cruzeiro<\/span><\/strong><\/h4>\n\n\n\n<figure class=\"wp-block-gallery columns-2 is-cropped wp-block-gallery-1 is-layout-flex wp-block-gallery-is-layout-flex\"><ul class=\"blocks-gallery-grid\"><li class=\"blocks-gallery-item\"><figure><img loading=\"lazy\" decoding=\"async\" width=\"513\" height=\"381\" src=\"https:\/\/diariotribuna.com.br\/wp-content\/uploads\/2021\/04\/1-Presidente-da-OAB-MG-dr.-Raimundo-Candido-Junior-Raimundinho.jpg\" alt=\"\" data-id=\"9344\" data-link=\"https:\/\/diariotribuna.com.br\/?attachment_id=9344\" class=\"wp-image-9344\" srcset=\"https:\/\/diariotribuna.com.br\/wp-content\/uploads\/2021\/04\/1-Presidente-da-OAB-MG-dr.-Raimundo-Candido-Junior-Raimundinho.jpg 513w, https:\/\/diariotribuna.com.br\/wp-content\/uploads\/2021\/04\/1-Presidente-da-OAB-MG-dr.-Raimundo-Candido-Junior-Raimundinho-300x223.jpg 300w, https:\/\/diariotribuna.com.br\/wp-content\/uploads\/2021\/04\/1-Presidente-da-OAB-MG-dr.-Raimundo-Candido-Junior-Raimundinho-80x60.jpg 80w, https:\/\/diariotribuna.com.br\/wp-content\/uploads\/2021\/04\/1-Presidente-da-OAB-MG-dr.-Raimundo-Candido-Junior-Raimundinho-265x198.jpg 265w\" sizes=\"(max-width: 513px) 100vw, 513px\" \/><figcaption class=\"blocks-gallery-item__caption\"><strong>Presidente da OAB MG, dr. Raimundo<br>C\u00e2ndido J\u00fanior &#8211; Raimundinho<\/strong><\/figcaption><\/figure><\/li><li class=\"blocks-gallery-item\"><figure><img loading=\"lazy\" decoding=\"async\" width=\"535\" height=\"583\" src=\"https:\/\/diariotribuna.com.br\/wp-content\/uploads\/2021\/04\/6-Presidente-empossado-da-OAB-Novo-Cruzeiro-dr.-Elson-Ramos-da-Cruz.jpg\" alt=\"\" data-id=\"9349\" data-link=\"https:\/\/diariotribuna.com.br\/?attachment_id=9349\" class=\"wp-image-9349\" srcset=\"https:\/\/diariotribuna.com.br\/wp-content\/uploads\/2021\/04\/6-Presidente-empossado-da-OAB-Novo-Cruzeiro-dr.-Elson-Ramos-da-Cruz.jpg 535w, https:\/\/diariotribuna.com.br\/wp-content\/uploads\/2021\/04\/6-Presidente-empossado-da-OAB-Novo-Cruzeiro-dr.-Elson-Ramos-da-Cruz-275x300.jpg 275w, https:\/\/diariotribuna.com.br\/wp-content\/uploads\/2021\/04\/6-Presidente-empossado-da-OAB-Novo-Cruzeiro-dr.-Elson-Ramos-da-Cruz-385x420.jpg 385w\" sizes=\"(max-width: 535px) 100vw, 535px\" \/><figcaption class=\"blocks-gallery-item__caption\"><strong>Presidente empossado da OAB Novo<br>Cruzeiro, dr. Elson Ramos da Cruz<\/strong><\/figcaption><\/figure><\/li><li class=\"blocks-gallery-item\"><figure><img loading=\"lazy\" decoding=\"async\" width=\"537\" height=\"493\" src=\"https:\/\/diariotribuna.com.br\/wp-content\/uploads\/2021\/04\/4-Presidente-da-28a-Subsecao-da-OAB-MG-dra.-Beatriz-C.-C.-Neves.jpg\" alt=\"\" data-id=\"9347\" data-link=\"https:\/\/diariotribuna.com.br\/?attachment_id=9347\" class=\"wp-image-9347\" srcset=\"https:\/\/diariotribuna.com.br\/wp-content\/uploads\/2021\/04\/4-Presidente-da-28a-Subsecao-da-OAB-MG-dra.-Beatriz-C.-C.-Neves.jpg 537w, https:\/\/diariotribuna.com.br\/wp-content\/uploads\/2021\/04\/4-Presidente-da-28a-Subsecao-da-OAB-MG-dra.-Beatriz-C.-C.-Neves-300x275.jpg 300w, https:\/\/diariotribuna.com.br\/wp-content\/uploads\/2021\/04\/4-Presidente-da-28a-Subsecao-da-OAB-MG-dra.-Beatriz-C.-C.-Neves-457x420.jpg 457w\" sizes=\"(max-width: 537px) 100vw, 537px\" \/><figcaption class=\"blocks-gallery-item__caption\"><strong>Presidente da 28\u00aa Subse\u00e7\u00e3o da OAB MG,<br>dra. Beatriz Cunha Cicci Neves<\/strong><\/figcaption><\/figure><\/li><li class=\"blocks-gallery-item\"><figure><img loading=\"lazy\" decoding=\"async\" width=\"537\" height=\"453\" src=\"https:\/\/diariotribuna.com.br\/wp-content\/uploads\/2021\/04\/3-Diretor-de-apoio-as-Subsecoes-dr.-Raimundo-Candido-Neto.jpg\" alt=\"\" data-id=\"9346\" data-link=\"https:\/\/diariotribuna.com.br\/?attachment_id=9346\" class=\"wp-image-9346\" srcset=\"https:\/\/diariotribuna.com.br\/wp-content\/uploads\/2021\/04\/3-Diretor-de-apoio-as-Subsecoes-dr.-Raimundo-Candido-Neto.jpg 537w, https:\/\/diariotribuna.com.br\/wp-content\/uploads\/2021\/04\/3-Diretor-de-apoio-as-Subsecoes-dr.-Raimundo-Candido-Neto-300x253.jpg 300w, https:\/\/diariotribuna.com.br\/wp-content\/uploads\/2021\/04\/3-Diretor-de-apoio-as-Subsecoes-dr.-Raimundo-Candido-Neto-498x420.jpg 498w\" sizes=\"(max-width: 537px) 100vw, 537px\" \/><figcaption class=\"blocks-gallery-item__caption\"><strong>Diretor de apoio \u00e0s Subse\u00e7\u00f5es,<br>dr. Raimundo C\u00e2ndido Neto<\/strong><\/figcaption><\/figure><\/li><li class=\"blocks-gallery-item\"><figure><img loading=\"lazy\" decoding=\"async\" width=\"529\" height=\"445\" src=\"https:\/\/diariotribuna.com.br\/wp-content\/uploads\/2021\/04\/2-Promotor-de-Justica-da-Comarca-de-Novo-Cruzeiro-dr.-Caio-Cesar-Ferreira.jpg\" alt=\"\" data-id=\"9345\" data-link=\"https:\/\/diariotribuna.com.br\/?attachment_id=9345\" class=\"wp-image-9345\" srcset=\"https:\/\/diariotribuna.com.br\/wp-content\/uploads\/2021\/04\/2-Promotor-de-Justica-da-Comarca-de-Novo-Cruzeiro-dr.-Caio-Cesar-Ferreira.jpg 529w, https:\/\/diariotribuna.com.br\/wp-content\/uploads\/2021\/04\/2-Promotor-de-Justica-da-Comarca-de-Novo-Cruzeiro-dr.-Caio-Cesar-Ferreira-300x252.jpg 300w, https:\/\/diariotribuna.com.br\/wp-content\/uploads\/2021\/04\/2-Promotor-de-Justica-da-Comarca-de-Novo-Cruzeiro-dr.-Caio-Cesar-Ferreira-499x420.jpg 499w\" sizes=\"(max-width: 529px) 100vw, 529px\" \/><figcaption class=\"blocks-gallery-item__caption\"><strong>Promotor de Justi\u00e7a da Comarca de<br>Novo Cruzeiro, dr. Caio C\u00e9sar Ferreira<\/strong><\/figcaption><\/figure><\/li><li class=\"blocks-gallery-item\"><figure><img loading=\"lazy\" decoding=\"async\" width=\"526\" height=\"403\" src=\"https:\/\/diariotribuna.com.br\/wp-content\/uploads\/2021\/04\/5-Juiz-Federal-de-Teofilo-Otoni-dr.-Antonio-Lucio.jpg\" alt=\"\" data-id=\"9348\" data-link=\"https:\/\/diariotribuna.com.br\/?attachment_id=9348\" class=\"wp-image-9348\" srcset=\"https:\/\/diariotribuna.com.br\/wp-content\/uploads\/2021\/04\/5-Juiz-Federal-de-Teofilo-Otoni-dr.-Antonio-Lucio.jpg 526w, https:\/\/diariotribuna.com.br\/wp-content\/uploads\/2021\/04\/5-Juiz-Federal-de-Teofilo-Otoni-dr.-Antonio-Lucio-300x230.jpg 300w, https:\/\/diariotribuna.com.br\/wp-content\/uploads\/2021\/04\/5-Juiz-Federal-de-Teofilo-Otoni-dr.-Antonio-Lucio-80x60.jpg 80w\" sizes=\"(max-width: 526px) 100vw, 526px\" \/><figcaption class=\"blocks-gallery-item__caption\"><strong>Juiz Federal de Te\u00f3filo Otoni,<br>dr. Ant\u00f4nio L\u00facio<\/strong><\/figcaption><\/figure><\/li><li class=\"blocks-gallery-item\"><figure><img loading=\"lazy\" decoding=\"async\" width=\"537\" height=\"452\" src=\"https:\/\/diariotribuna.com.br\/wp-content\/uploads\/2021\/04\/7-Prefeito-de-Novo-Cruzeiro-Milton-Coelho-de-Oliveira-Nem-Capotao.jpg\" alt=\"\" data-id=\"9350\" data-link=\"https:\/\/diariotribuna.com.br\/?attachment_id=9350\" class=\"wp-image-9350\" srcset=\"https:\/\/diariotribuna.com.br\/wp-content\/uploads\/2021\/04\/7-Prefeito-de-Novo-Cruzeiro-Milton-Coelho-de-Oliveira-Nem-Capotao.jpg 537w, https:\/\/diariotribuna.com.br\/wp-content\/uploads\/2021\/04\/7-Prefeito-de-Novo-Cruzeiro-Milton-Coelho-de-Oliveira-Nem-Capotao-300x253.jpg 300w, https:\/\/diariotribuna.com.br\/wp-content\/uploads\/2021\/04\/7-Prefeito-de-Novo-Cruzeiro-Milton-Coelho-de-Oliveira-Nem-Capotao-499x420.jpg 499w\" sizes=\"(max-width: 537px) 100vw, 537px\" \/><figcaption class=\"blocks-gallery-item__caption\"><strong>Prefeito de Novo Cruzeiro, Milton<br>Coelho de Oliveira &#8220;Nem Capot\u00e3o&#8221;<\/strong><\/figcaption><\/figure><\/li><li class=\"blocks-gallery-item\"><figure><img loading=\"lazy\" decoding=\"async\" width=\"538\" height=\"381\" src=\"https:\/\/diariotribuna.com.br\/wp-content\/uploads\/2021\/04\/8-Presidente-da-Camara-Municipal-Arnaldo-da-Paixao-Gomes.jpg\" alt=\"\" data-id=\"9343\" data-link=\"https:\/\/diariotribuna.com.br\/?attachment_id=9343\" class=\"wp-image-9343\" srcset=\"https:\/\/diariotribuna.com.br\/wp-content\/uploads\/2021\/04\/8-Presidente-da-Camara-Municipal-Arnaldo-da-Paixao-Gomes.jpg 538w, https:\/\/diariotribuna.com.br\/wp-content\/uploads\/2021\/04\/8-Presidente-da-Camara-Municipal-Arnaldo-da-Paixao-Gomes-300x212.jpg 300w, https:\/\/diariotribuna.com.br\/wp-content\/uploads\/2021\/04\/8-Presidente-da-Camara-Municipal-Arnaldo-da-Paixao-Gomes-100x70.jpg 100w\" sizes=\"(max-width: 538px) 100vw, 538px\" \/><figcaption class=\"blocks-gallery-item__caption\"><strong>Presidente da C\u00e2mara Municipal,<br>Arnaldo da Paix\u00e3o Gomes<\/strong><\/figcaption><\/figure><\/li><li class=\"blocks-gallery-item\"><figure><img loading=\"lazy\" decoding=\"async\" width=\"537\" height=\"503\" src=\"https:\/\/diariotribuna.com.br\/wp-content\/uploads\/2021\/04\/9-Conselheiro-seccional-dr.-Reynaldo-do-Carmo-Neves.jpg\" alt=\"\" data-id=\"9351\" data-full-url=\"https:\/\/diariotribuna.com.br\/wp-content\/uploads\/2021\/04\/9-Conselheiro-seccional-dr.-Reynaldo-do-Carmo-Neves.jpg\" data-link=\"https:\/\/diariotribuna.com.br\/?attachment_id=9351\" class=\"wp-image-9351\" srcset=\"https:\/\/diariotribuna.com.br\/wp-content\/uploads\/2021\/04\/9-Conselheiro-seccional-dr.-Reynaldo-do-Carmo-Neves.jpg 537w, https:\/\/diariotribuna.com.br\/wp-content\/uploads\/2021\/04\/9-Conselheiro-seccional-dr.-Reynaldo-do-Carmo-Neves-300x281.jpg 300w, https:\/\/diariotribuna.com.br\/wp-content\/uploads\/2021\/04\/9-Conselheiro-seccional-dr.-Reynaldo-do-Carmo-Neves-448x420.jpg 448w\" sizes=\"(max-width: 537px) 100vw, 537px\" \/><figcaption class=\"blocks-gallery-item__caption\">Conselheiro Seccional, dr. Reynaldo<br>do Carmo Neves<\/figcaption><\/figure><\/li><li class=\"blocks-gallery-item\"><figure><img loading=\"lazy\" decoding=\"async\" width=\"537\" height=\"465\" src=\"https:\/\/diariotribuna.com.br\/wp-content\/uploads\/2021\/04\/10-Secretario-da-OAB-Minas-Adriano-Cardoso.jpg\" alt=\"\" data-id=\"9352\" data-full-url=\"https:\/\/diariotribuna.com.br\/wp-content\/uploads\/2021\/04\/10-Secretario-da-OAB-Minas-Adriano-Cardoso.jpg\" data-link=\"https:\/\/diariotribuna.com.br\/?attachment_id=9352\" class=\"wp-image-9352\" srcset=\"https:\/\/diariotribuna.com.br\/wp-content\/uploads\/2021\/04\/10-Secretario-da-OAB-Minas-Adriano-Cardoso.jpg 537w, https:\/\/diariotribuna.com.br\/wp-content\/uploads\/2021\/04\/10-Secretario-da-OAB-Minas-Adriano-Cardoso-300x260.jpg 300w, https:\/\/diariotribuna.com.br\/wp-content\/uploads\/2021\/04\/10-Secretario-da-OAB-Minas-Adriano-Cardoso-534x462.jpg 534w, https:\/\/diariotribuna.com.br\/wp-content\/uploads\/2021\/04\/10-Secretario-da-OAB-Minas-Adriano-Cardoso-485x420.jpg 485w\" sizes=\"(max-width: 537px) 100vw, 537px\" \/><figcaption class=\"blocks-gallery-item__caption\"><strong>Secret\u00e1rio da OAB de Minas<br>Gerais, Adriano Cardoso<\/strong><\/figcaption><\/figure><\/li><li class=\"blocks-gallery-item\"><figure><img loading=\"lazy\" decoding=\"async\" width=\"536\" height=\"416\" src=\"https:\/\/diariotribuna.com.br\/wp-content\/uploads\/2021\/04\/11-Juiza-da-comarca-de-Novo-Cruzeiro-dra.-Samira-da-Cunha.jpg\" alt=\"\" data-id=\"9353\" data-full-url=\"https:\/\/diariotribuna.com.br\/wp-content\/uploads\/2021\/04\/11-Juiza-da-comarca-de-Novo-Cruzeiro-dra.-Samira-da-Cunha.jpg\" data-link=\"https:\/\/diariotribuna.com.br\/?attachment_id=9353\" class=\"wp-image-9353\" srcset=\"https:\/\/diariotribuna.com.br\/wp-content\/uploads\/2021\/04\/11-Juiza-da-comarca-de-Novo-Cruzeiro-dra.-Samira-da-Cunha.jpg 536w, https:\/\/diariotribuna.com.br\/wp-content\/uploads\/2021\/04\/11-Juiza-da-comarca-de-Novo-Cruzeiro-dra.-Samira-da-Cunha-300x233.jpg 300w\" sizes=\"(max-width: 536px) 100vw, 536px\" \/><figcaption class=\"blocks-gallery-item__caption\"><strong>Ju\u00edza da Comarca de Novo<br>Cruzeiro, dra. Samira da Cunha<\/strong><\/figcaption><\/figure><\/li><li class=\"blocks-gallery-item\"><figure><img loading=\"lazy\" decoding=\"async\" width=\"600\" height=\"447\" src=\"https:\/\/diariotribuna.com.br\/wp-content\/uploads\/2021\/04\/13.jpg\" alt=\"\" data-id=\"9355\" data-full-url=\"https:\/\/diariotribuna.com.br\/wp-content\/uploads\/2021\/04\/13.jpg\" data-link=\"https:\/\/diariotribuna.com.br\/?attachment_id=9355\" class=\"wp-image-9355\" srcset=\"https:\/\/diariotribuna.com.br\/wp-content\/uploads\/2021\/04\/13.jpg 600w, https:\/\/diariotribuna.com.br\/wp-content\/uploads\/2021\/04\/13-300x224.jpg 300w, https:\/\/diariotribuna.com.br\/wp-content\/uploads\/2021\/04\/13-80x60.jpg 80w, https:\/\/diariotribuna.com.br\/wp-content\/uploads\/2021\/04\/13-265x198.jpg 265w, https:\/\/diariotribuna.com.br\/wp-content\/uploads\/2021\/04\/13-564x420.jpg 564w\" sizes=\"(max-width: 600px) 100vw, 600px\" \/><figcaption class=\"blocks-gallery-item__caption\"><strong>Ministro aposentado do Superior Tribunal<br>de Justi\u00e7a, dr. Arnaldo Esteves de Lima<\/strong><\/figcaption><\/figure><\/li><\/ul><\/figure>\n","protected":false},"excerpt":{"rendered":"<p>Durante solenidade virtual realizada na segunda-feira (12\/04\/21), foi instalada a 246\u00aa Subse\u00e7\u00e3o da OAB\/ MG em Novo Cruzeiro. A cerim\u00f4nia foi conduzida pelo presidente da OAB Minas Gerais, dr. Raimundo C\u00e2ndido J\u00fanior \u201cRaimundinho\u201d, que deu posse aos diretores da Subseccional, que pertencia anteriormente, \u00e0 Subse\u00e7\u00e3o de Te\u00f3filo Otoni. A comarca da regi\u00e3o abrange os munic\u00edpios [&hellip;]<\/p>\n","protected":false},"author":1,"featured_media":9342,"comment_status":"open","ping_status":"open","sticky":false,"template":"","format":"standard","meta":{"rop_custom_images_group":[],"rop_custom_messages_group":[],"rop_publish_now":"initial","rop_publish_now_accounts":[],"rop_publish_now_history":[],"rop_publish_now_status":"pending","footnotes":""},"categories":[18],"tags":[2953,2954,149,838],"class_list":["post-9341","post","type-post","status-publish","format-standard","has-post-thumbnail","hentry","category-regiao","tag-246a-subsecao-da-oab-mg","tag-instalacao","tag-novo-cruzeiro","tag-oab-mg"],"_links":{"self":[{"href":"https:\/\/diariotribuna.com.br\/index.php?rest_route=\/wp\/v2\/posts\/9341"}],"collection":[{"href":"https:\/\/diariotribuna.com.br\/index.php?rest_route=\/wp\/v2\/posts"}],"about":[{"href":"https:\/\/diariotribuna.com.br\/index.php?rest_route=\/wp\/v2\/types\/post"}],"author":[{"embeddable":true,"href":"https:\/\/diariotribuna.com.br\/index.php?rest_route=\/wp\/v2\/users\/1"}],"replies":[{"embeddable":true,"href":"https:\/\/diariotribuna.com.br\/index.php?rest_route=%2Fwp%2Fv2%2Fcomments&post=9341"}],"version-history":[{"count":2,"href":"https:\/\/diariotribuna.com.br\/index.php?rest_route=\/wp\/v2\/posts\/9341\/revisions"}],"predecessor-version":[{"id":9357,"href":"https:\/\/diariotribuna.com.br\/index.php?rest_route=\/wp\/v2\/posts\/9341\/revisions\/9357"}],"wp:featuredmedia":[{"embeddable":true,"href":"https:\/\/diariotribuna.com.br\/index.php?rest_route=\/wp\/v2\/media\/9342"}],"wp:attachment":[{"href":"https:\/\/diariotribuna.com.br\/index.php?rest_route=%2Fwp%2Fv2%2Fmedia&parent=9341"}],"wp:term":[{"taxonomy":"category","embeddable":true,"href":"https:\/\/diariotribuna.com.br\/index.php?rest_route=%2Fwp%2Fv2%2Fcategories&post=9341"},{"taxonomy":"post_tag","embeddable":true,"href":"https:\/\/diariotribuna.com.br\/index.php?rest_route=%2Fwp%2Fv2%2Ftags&post=9341"}],"curies":[{"name":"wp","href":"https:\/\/api.w.org\/{rel}","templated":true}]}}