{"id":9361,"date":"2021-04-16T13:32:48","date_gmt":"2021-04-16T16:32:48","guid":{"rendered":"https:\/\/diariotribuna.com.br\/?p=9361"},"modified":"2021-04-16T13:32:50","modified_gmt":"2021-04-16T16:32:50","slug":"grandes-violeiros-de-brasil-e-portugal-estao-entre-as-atracoes-do-energia-da-cultura-dessa-semana","status":"publish","type":"post","link":"https:\/\/diariotribuna.com.br\/?p=9361","title":{"rendered":"Grandes violeiros de Brasil e Portugal est\u00e3o entre as atra\u00e7\u00f5es do Energia da Cultura dessa semana"},"content":{"rendered":"\n<p><strong><em>Agenda cultural oferecida gratuitamente pela Cemig ainda vai ter dan\u00e7a, as novas apostas da m\u00fasica mineira e \u00f3pera<\/em><\/strong><\/p>\n\n\n\n<figure class=\"wp-block-image size-large is-resized\"><img loading=\"lazy\" decoding=\"async\" src=\"https:\/\/diariotribuna.com.br\/wp-content\/uploads\/2021\/04\/Energia-da-Cultura-3.jpg\" alt=\"\" class=\"wp-image-9363\" width=\"537\" height=\"281\" srcset=\"https:\/\/diariotribuna.com.br\/wp-content\/uploads\/2021\/04\/Energia-da-Cultura-3.jpg 600w, https:\/\/diariotribuna.com.br\/wp-content\/uploads\/2021\/04\/Energia-da-Cultura-3-300x157.jpg 300w\" sizes=\"(max-width: 537px) 100vw, 537px\" \/><\/figure>\n\n\n\n<p>Neste momento de pandemia em que a restri\u00e7\u00e3o de circula\u00e7\u00e3o de pessoas se torna imprescind\u00edvel, a Cemig, maior patrocinadora da cultura no estado de Minas Gerais, tem oferecido atra\u00e7\u00f5es gratuitas que proporcionam momentos de lazer a todos os mineiros. No Energia da Cultura da semana, a Cemig preparou uma sele\u00e7\u00e3o especial que re\u00fane o Grupo Corpo Cidad\u00e3o, apresenta\u00e7\u00f5es do festival M\u00fasica Mundo, a III Mostra internacional de Violas D\u2019arame do Brasil e uma \u00e1ria da \u00d3pera La Boh\u00e8me.<\/p>\n\n\n\n<p><strong>Veja os eventos na p\u00e1gina da Cemig no Facebook:<\/strong> https:\/\/www.facebook.com\/events\/451971469427710\/<\/p>\n\n\n\n<p><strong>Dan\u00e7a | Corpo Cidad\u00e3o: lives #GEDConvida Jo\u00e3o Vicente<\/strong>: Confira a live do Grupo Corpo Cidad\u00e3o com o seu primeiro convidado, o Jo\u00e3o Vicente, diretor art\u00edstico e core\u00f3grafo da Lamira Artes C\u00eanicas.<\/p>\n\n\n\n<p><strong>M\u00fasica | M\u00fasica Mundo: PLAYLIST ecoa das montanhas<\/strong>: Conhe\u00e7a os novos nomes mais empolgantes da m\u00fasica mineira nessa playlist de 2h2min que re\u00fane 33 m\u00fasicas de uma sele\u00e7\u00e3o feita pelo M\u00fasica Mundo.<\/p>\n\n\n\n<p><strong>M\u00fasica | IEPHA &#8211; III Mostra Internacional de Violas D&#8217;arame do Brasil<\/strong><\/p>\n\n\n\n<figure class=\"wp-block-image size-large is-resized\"><img loading=\"lazy\" decoding=\"async\" src=\"https:\/\/diariotribuna.com.br\/wp-content\/uploads\/2021\/04\/Violas-DArame.jpg\" alt=\"\" class=\"wp-image-9362\" width=\"585\" height=\"343\" srcset=\"https:\/\/diariotribuna.com.br\/wp-content\/uploads\/2021\/04\/Violas-DArame.jpg 700w, https:\/\/diariotribuna.com.br\/wp-content\/uploads\/2021\/04\/Violas-DArame-300x176.jpg 300w, https:\/\/diariotribuna.com.br\/wp-content\/uploads\/2021\/04\/Violas-DArame-696x409.jpg 696w\" sizes=\"(max-width: 585px) 100vw, 585px\" \/><\/figure>\n\n\n\n<p><strong>A III Mostra Internacional de Violas D&#8217;arame do Brasil &#8211; Edi\u00e7\u00e3o Minas\/Portugal on-line<\/strong>, com transmiss\u00e3o no canal do Violeiro Chico Lobo Oficial re\u00fane violeiros portugueses e brasileiros para mostrar as ra\u00edzes e a semelhan\u00e7a culturais entre estes dois pa\u00edses. A Mostra tem grande import\u00e2ncia hist\u00f3rica, cultural e social, que demonstra e discute as ra\u00edzes tradicionais e a contemporaneidade da viola, com confer\u00eancia, concerto e oficina.<\/p>\n\n\n\n<p><strong>M\u00fasica | FCS Pal\u00e1cio das Artes: \u00d3pera La Boh\u00e8me, de Giacomo Puccini<\/strong>: \u201cLa Boh\u00e8me\u201d conta a hist\u00f3ria de amor entre dois jovens artistas, o poeta Rodolfo e a jovem Mimi, uma florista pobre e sonhadora. Nessa \u00e1ria do terceiro ato, a personagem Mimi, acometida pela tuberculose, despede-se de Rodolfo como se j\u00e1 n\u00e3o o amasse, sem revelar a ele que a verdadeira raz\u00e3o de sua partida \u00e9 a sua condi\u00e7\u00e3o de sa\u00fade.<\/p>\n\n\n\n<p>*Todas as atra\u00e7\u00f5es culturais foram gravadas antes do per\u00edodo da pandemia ou est\u00e3o seguindo as orienta\u00e7\u00f5es da OMS.<\/p>\n\n\n\n<p>16.04.2021&nbsp;&nbsp;&nbsp; l&nbsp;&nbsp;&nbsp; Classifica\u00e7\u00e3o: P\u00fablico<\/p>\n\n\n\n<p>Ger\u00eancia de Comunica\u00e7\u00e3o e Marketing<\/p>\n","protected":false},"excerpt":{"rendered":"<p>Agenda cultural oferecida gratuitamente pela Cemig ainda vai ter dan\u00e7a, as novas apostas da m\u00fasica mineira e \u00f3pera Neste momento de pandemia em que a restri\u00e7\u00e3o de circula\u00e7\u00e3o de pessoas se torna imprescind\u00edvel, a Cemig, maior patrocinadora da cultura no estado de Minas Gerais, tem oferecido atra\u00e7\u00f5es gratuitas que proporcionam momentos de lazer a todos [&hellip;]<\/p>\n","protected":false},"author":1,"featured_media":9363,"comment_status":"open","ping_status":"open","sticky":false,"template":"","format":"standard","meta":{"rop_custom_images_group":[],"rop_custom_messages_group":[],"rop_publish_now":"initial","rop_publish_now_accounts":[],"rop_publish_now_history":[],"rop_publish_now_status":"pending","footnotes":""},"categories":[19],"tags":[72,2955,1948,2956],"class_list":["post-9361","post","type-post","status-publish","format-standard","has-post-thumbnail","hentry","category-gerais","tag-cemig","tag-danca-e-musica","tag-energia-da-cultura","tag-violeiros-de-brasil-e-portugal"],"_links":{"self":[{"href":"https:\/\/diariotribuna.com.br\/index.php?rest_route=\/wp\/v2\/posts\/9361"}],"collection":[{"href":"https:\/\/diariotribuna.com.br\/index.php?rest_route=\/wp\/v2\/posts"}],"about":[{"href":"https:\/\/diariotribuna.com.br\/index.php?rest_route=\/wp\/v2\/types\/post"}],"author":[{"embeddable":true,"href":"https:\/\/diariotribuna.com.br\/index.php?rest_route=\/wp\/v2\/users\/1"}],"replies":[{"embeddable":true,"href":"https:\/\/diariotribuna.com.br\/index.php?rest_route=%2Fwp%2Fv2%2Fcomments&post=9361"}],"version-history":[{"count":1,"href":"https:\/\/diariotribuna.com.br\/index.php?rest_route=\/wp\/v2\/posts\/9361\/revisions"}],"predecessor-version":[{"id":9364,"href":"https:\/\/diariotribuna.com.br\/index.php?rest_route=\/wp\/v2\/posts\/9361\/revisions\/9364"}],"wp:featuredmedia":[{"embeddable":true,"href":"https:\/\/diariotribuna.com.br\/index.php?rest_route=\/wp\/v2\/media\/9363"}],"wp:attachment":[{"href":"https:\/\/diariotribuna.com.br\/index.php?rest_route=%2Fwp%2Fv2%2Fmedia&parent=9361"}],"wp:term":[{"taxonomy":"category","embeddable":true,"href":"https:\/\/diariotribuna.com.br\/index.php?rest_route=%2Fwp%2Fv2%2Fcategories&post=9361"},{"taxonomy":"post_tag","embeddable":true,"href":"https:\/\/diariotribuna.com.br\/index.php?rest_route=%2Fwp%2Fv2%2Ftags&post=9361"}],"curies":[{"name":"wp","href":"https:\/\/api.w.org\/{rel}","templated":true}]}}