{"id":9365,"date":"2021-04-16T15:50:42","date_gmt":"2021-04-16T18:50:42","guid":{"rendered":"https:\/\/diariotribuna.com.br\/?p=9365"},"modified":"2021-04-16T15:50:44","modified_gmt":"2021-04-16T18:50:44","slug":"colegio-tiradentes-da-pmmg-comemora-22-anos-de-instalacao-em-teofilo-otoni","status":"publish","type":"post","link":"https:\/\/diariotribuna.com.br\/?p=9365","title":{"rendered":"Col\u00e9gio Tiradentes da PMMG comemora 22 anos de instala\u00e7\u00e3o em Te\u00f3filo Otoni"},"content":{"rendered":"\n<figure class=\"wp-block-image size-large is-resized\"><img loading=\"lazy\" decoding=\"async\" src=\"https:\/\/diariotribuna.com.br\/wp-content\/uploads\/2021\/04\/WhatsApp-Image-2021-04-13-at-06.39.30.jpeg\" alt=\"\" class=\"wp-image-9366\" width=\"491\" height=\"483\" srcset=\"https:\/\/diariotribuna.com.br\/wp-content\/uploads\/2021\/04\/WhatsApp-Image-2021-04-13-at-06.39.30.jpeg 700w, https:\/\/diariotribuna.com.br\/wp-content\/uploads\/2021\/04\/WhatsApp-Image-2021-04-13-at-06.39.30-300x295.jpeg 300w, https:\/\/diariotribuna.com.br\/wp-content\/uploads\/2021\/04\/WhatsApp-Image-2021-04-13-at-06.39.30-696x684.jpeg 696w, https:\/\/diariotribuna.com.br\/wp-content\/uploads\/2021\/04\/WhatsApp-Image-2021-04-13-at-06.39.30-427x420.jpeg 427w\" sizes=\"(max-width: 491px) 100vw, 491px\" \/><\/figure>\n\n\n\n<p>O Col\u00e9gio Tiradentes da Pol\u00edcia Militar de Minas Gerais, unidade Te\u00f3filo Otoni, comemorou o 22\u00ba anivers\u00e1rio de sua instala\u00e7\u00e3o, na ter\u00e7a-feira (13\/04\/21). Para marcar a data, foram desenvolvidas v\u00e1rias atividades, podendo destacar a Live, que transmitiu um v\u00eddeo retr\u00f4, contemplando o antes e o depois das instala\u00e7\u00f5es f\u00edsicas do Col\u00e9gio. Na mesma Live foram lembrados os antigos comandantes, diretores administrativos e diretores pedag\u00f3gicos do CTPM, alunos, servidores, professores e todos os colaboradores.<\/p>\n\n\n\n<p>Representando os discentes, a aluna Manuela, do curso l\u00edder, leu uma reda\u00e7\u00e3o em homenagem ao Educand\u00e1rio. O encerramento do evento contou com a participa\u00e7\u00e3o do tenente-coronel F\u00e1bio Marinho dos Santos, diretor administrativo, que destacou a import\u00e2ncia do Col\u00e9gio Tiradentes no Nordeste Mineiro. O evento respeitou todos os protocolos sanit\u00e1rios em decorr\u00eancia da Covid-19, como o distanciamento social e medidas de autoprote\u00e7\u00e3o como o uso de m\u00e1scara e \u00e1lcool em gel.<\/p>\n\n\n\n<p><strong>Col\u00e9gio Tiradentes da PMMG \u2013 Te\u00f3filo Otoni:<\/strong> Foi criado pelo Decreto Estadual n\u00ba 40.346, de 13 de abril de 1999. Naquele mesmo ano deu in\u00edcio as suas atividades escolares com uma grande demanda de alunos, filhos de militares. Sua primeira sede foi no espa\u00e7o disponibilizado por empr\u00e9stimo pela Prefeitura de Te\u00f3filo Otoni no Centro de Aten\u00e7\u00e3o Integral \u00e0 Crian\u00e7a (CAIC), sediado no Bairro Castro Pires, onde funcionou at\u00e9 janeiro de 2002, quando foi mudado para o seu endere\u00e7o atual, localizado na Rua Vereador Marcos Ananias Soares, n\u00ba 185, Bairro Jardim Iracema.<\/p>\n\n\n\n<p>O primeiro diretor administrativo do CTPM em Te\u00f3filo Otoni foi o ent\u00e3o capit\u00e3o Gilson Alves Moraes, e na ocasi\u00e3o o educand\u00e1rio teve como diretora pedag\u00f3gica S\u00f4nia Cristina de Andrade, fun\u00e7\u00f5es \u00e0s quais foram exercidas por ambos no ano de 1999. O Col\u00e9gio Tiradentes da PMMG foi uma conquista de Te\u00f3filo Otoni e de todo o Nordeste Mineiro\u201d.<\/p>\n\n\n\n<p><strong>Nova dire\u00e7\u00e3o &#8211;<\/strong> O CTPM de Te\u00f3filo Otoni est\u00e1 na dire\u00e7\u00e3o do capit\u00e3o Luis Henrique Silva Ros\u00e1rio, que foi recepcionado no dia 29 de mar\u00e7o de 2021, com um caf\u00e9 da manh\u00e3. Na oportunidade, o tenente-coronel Marinho deu boas vindas ao novo comandante e destacou as suas qualidades pessoais e profissionais, as quais motivaram a sua indica\u00e7\u00e3o para o comando do CTPM\/ Te\u00f3filo Otoni. O capit\u00e3o Ros\u00e1rio ressaltou que \u00e9 egresso do Col\u00e9gio Tiradentes e que se sente honrado com a nova miss\u00e3o a ser desempenhada. <\/p>\n\n\n\n<figure class=\"wp-block-gallery columns-3 is-cropped wp-block-gallery-1 is-layout-flex wp-block-gallery-is-layout-flex\"><ul class=\"blocks-gallery-grid\"><li class=\"blocks-gallery-item\"><figure><img loading=\"lazy\" decoding=\"async\" width=\"700\" height=\"414\" src=\"https:\/\/diariotribuna.com.br\/wp-content\/uploads\/2021\/04\/WhatsApp-Image-2021-04-14-at-11.35.25.jpeg\" alt=\"\" data-id=\"9367\" data-full-url=\"https:\/\/diariotribuna.com.br\/wp-content\/uploads\/2021\/04\/WhatsApp-Image-2021-04-14-at-11.35.25.jpeg\" data-link=\"https:\/\/diariotribuna.com.br\/?attachment_id=9367\" class=\"wp-image-9367\" srcset=\"https:\/\/diariotribuna.com.br\/wp-content\/uploads\/2021\/04\/WhatsApp-Image-2021-04-14-at-11.35.25.jpeg 700w, https:\/\/diariotribuna.com.br\/wp-content\/uploads\/2021\/04\/WhatsApp-Image-2021-04-14-at-11.35.25-300x177.jpeg 300w, https:\/\/diariotribuna.com.br\/wp-content\/uploads\/2021\/04\/WhatsApp-Image-2021-04-14-at-11.35.25-696x412.jpeg 696w\" sizes=\"(max-width: 700px) 100vw, 700px\" \/><\/figure><\/li><li class=\"blocks-gallery-item\"><figure><img loading=\"lazy\" decoding=\"async\" width=\"700\" height=\"514\" src=\"https:\/\/diariotribuna.com.br\/wp-content\/uploads\/2021\/04\/WhatsApp-Image-2021-04-14-at-11.21.22.jpeg\" alt=\"\" data-id=\"9368\" data-full-url=\"https:\/\/diariotribuna.com.br\/wp-content\/uploads\/2021\/04\/WhatsApp-Image-2021-04-14-at-11.21.22.jpeg\" data-link=\"https:\/\/diariotribuna.com.br\/?attachment_id=9368\" class=\"wp-image-9368\" srcset=\"https:\/\/diariotribuna.com.br\/wp-content\/uploads\/2021\/04\/WhatsApp-Image-2021-04-14-at-11.21.22.jpeg 700w, https:\/\/diariotribuna.com.br\/wp-content\/uploads\/2021\/04\/WhatsApp-Image-2021-04-14-at-11.21.22-300x220.jpeg 300w, https:\/\/diariotribuna.com.br\/wp-content\/uploads\/2021\/04\/WhatsApp-Image-2021-04-14-at-11.21.22-80x60.jpeg 80w, https:\/\/diariotribuna.com.br\/wp-content\/uploads\/2021\/04\/WhatsApp-Image-2021-04-14-at-11.21.22-696x511.jpeg 696w, https:\/\/diariotribuna.com.br\/wp-content\/uploads\/2021\/04\/WhatsApp-Image-2021-04-14-at-11.21.22-572x420.jpeg 572w\" sizes=\"(max-width: 700px) 100vw, 700px\" \/><\/figure><\/li><li class=\"blocks-gallery-item\"><figure><img loading=\"lazy\" decoding=\"async\" width=\"700\" height=\"342\" src=\"https:\/\/diariotribuna.com.br\/wp-content\/uploads\/2021\/04\/WhatsApp-Image-2021-04-14-at-11.29.49.jpeg\" alt=\"\" data-id=\"9369\" data-full-url=\"https:\/\/diariotribuna.com.br\/wp-content\/uploads\/2021\/04\/WhatsApp-Image-2021-04-14-at-11.29.49.jpeg\" data-link=\"https:\/\/diariotribuna.com.br\/?attachment_id=9369\" class=\"wp-image-9369\" srcset=\"https:\/\/diariotribuna.com.br\/wp-content\/uploads\/2021\/04\/WhatsApp-Image-2021-04-14-at-11.29.49.jpeg 700w, https:\/\/diariotribuna.com.br\/wp-content\/uploads\/2021\/04\/WhatsApp-Image-2021-04-14-at-11.29.49-300x147.jpeg 300w, https:\/\/diariotribuna.com.br\/wp-content\/uploads\/2021\/04\/WhatsApp-Image-2021-04-14-at-11.29.49-533x261.jpeg 533w, https:\/\/diariotribuna.com.br\/wp-content\/uploads\/2021\/04\/WhatsApp-Image-2021-04-14-at-11.29.49-696x340.jpeg 696w\" sizes=\"(max-width: 700px) 100vw, 700px\" \/><\/figure><\/li><\/ul><\/figure>\n\n\n\n<p><strong>(Ag\u00eancia Regional de Comunica\u00e7\u00e3o Organizacional &#8211; 15\u00aa RPM)<\/strong><\/p>\n","protected":false},"excerpt":{"rendered":"<p>O Col\u00e9gio Tiradentes da Pol\u00edcia Militar de Minas Gerais, unidade Te\u00f3filo Otoni, comemorou o 22\u00ba anivers\u00e1rio de sua instala\u00e7\u00e3o, na ter\u00e7a-feira (13\/04\/21). Para marcar a data, foram desenvolvidas v\u00e1rias atividades, podendo destacar a Live, que transmitiu um v\u00eddeo retr\u00f4, contemplando o antes e o depois das instala\u00e7\u00f5es f\u00edsicas do Col\u00e9gio. Na mesma Live foram lembrados [&hellip;]<\/p>\n","protected":false},"author":1,"featured_media":9366,"comment_status":"open","ping_status":"open","sticky":false,"template":"","format":"standard","meta":{"rop_custom_images_group":[],"rop_custom_messages_group":[],"rop_publish_now":"initial","rop_publish_now_accounts":[],"rop_publish_now_history":[],"rop_publish_now_status":"pending","footnotes":""},"categories":[16,17],"tags":[1281,2957,2069,70,76,75],"class_list":["post-9365","post","type-post","status-publish","format-standard","has-post-thumbnail","hentry","category-educacao","category-teofilootoni","tag-1281","tag-22-anos","tag-colegio-tiradentes","tag-minas-gerais","tag-policia-militar","tag-teofilo-otoni"],"_links":{"self":[{"href":"https:\/\/diariotribuna.com.br\/index.php?rest_route=\/wp\/v2\/posts\/9365"}],"collection":[{"href":"https:\/\/diariotribuna.com.br\/index.php?rest_route=\/wp\/v2\/posts"}],"about":[{"href":"https:\/\/diariotribuna.com.br\/index.php?rest_route=\/wp\/v2\/types\/post"}],"author":[{"embeddable":true,"href":"https:\/\/diariotribuna.com.br\/index.php?rest_route=\/wp\/v2\/users\/1"}],"replies":[{"embeddable":true,"href":"https:\/\/diariotribuna.com.br\/index.php?rest_route=%2Fwp%2Fv2%2Fcomments&post=9365"}],"version-history":[{"count":1,"href":"https:\/\/diariotribuna.com.br\/index.php?rest_route=\/wp\/v2\/posts\/9365\/revisions"}],"predecessor-version":[{"id":9370,"href":"https:\/\/diariotribuna.com.br\/index.php?rest_route=\/wp\/v2\/posts\/9365\/revisions\/9370"}],"wp:featuredmedia":[{"embeddable":true,"href":"https:\/\/diariotribuna.com.br\/index.php?rest_route=\/wp\/v2\/media\/9366"}],"wp:attachment":[{"href":"https:\/\/diariotribuna.com.br\/index.php?rest_route=%2Fwp%2Fv2%2Fmedia&parent=9365"}],"wp:term":[{"taxonomy":"category","embeddable":true,"href":"https:\/\/diariotribuna.com.br\/index.php?rest_route=%2Fwp%2Fv2%2Fcategories&post=9365"},{"taxonomy":"post_tag","embeddable":true,"href":"https:\/\/diariotribuna.com.br\/index.php?rest_route=%2Fwp%2Fv2%2Ftags&post=9365"}],"curies":[{"name":"wp","href":"https:\/\/api.w.org\/{rel}","templated":true}]}}