{"id":9371,"date":"2021-04-17T00:59:03","date_gmt":"2021-04-17T03:59:03","guid":{"rendered":"https:\/\/diariotribuna.com.br\/?p=9371"},"modified":"2021-04-17T00:59:51","modified_gmt":"2021-04-17T03:59:51","slug":"covid-19-brasil-tem-138-milhoes-de-casos-e-3687-mil-morte","status":"publish","type":"post","link":"https:\/\/diariotribuna.com.br\/?p=9371","title":{"rendered":"Covid-19: Brasil tem 13,8 milh\u00f5es de casos e 368,7 mil morte"},"content":{"rendered":"\n<p><strong>Segundo Minist\u00e9rio da Sa\u00fade, 12.298.863 pessoas j\u00e1 se recuperaram<\/strong><\/p>\n\n\n\n<figure class=\"wp-block-image size-large is-resized\"><img loading=\"lazy\" decoding=\"async\" src=\"https:\/\/diariotribuna.com.br\/wp-content\/uploads\/2021\/04\/corona01.jpg\" alt=\"\" class=\"wp-image-9373\" width=\"496\" height=\"296\" srcset=\"https:\/\/diariotribuna.com.br\/wp-content\/uploads\/2021\/04\/corona01.jpg 700w, https:\/\/diariotribuna.com.br\/wp-content\/uploads\/2021\/04\/corona01-300x179.jpg 300w, https:\/\/diariotribuna.com.br\/wp-content\/uploads\/2021\/04\/corona01-696x416.jpg 696w\" sizes=\"(max-width: 496px) 100vw, 496px\" \/><\/figure>\n\n\n\n<p>Nova atualiza\u00e7\u00e3o do Minist\u00e9rio da Sa\u00fade trouxe um total de 368.749 vidas perdidas para a pandemia do novo coronav\u00edrus. J\u00e1 a soma de diagn\u00f3sticos positivos de covid-19 subiu para 13.832.455. Em 24 horas, foram registradas 3.305 novas mortes em decorr\u00eancia do v\u00edrus. J\u00e1 o n\u00famero de casos confirmados pelas autoridades sanit\u00e1rias foi 85.774. O resultado \u00e9 maior que os novos diagn\u00f3sticos confirmados no balan\u00e7o de\u00a0ontem (15), que ficaram em 73.174.<\/p>\n\n\n\n<p>H\u00e1 ainda 3.647 mortes em investiga\u00e7\u00e3o por equipes de sa\u00fade. Isso porque h\u00e1 casos em que o diagn\u00f3stico sobre a causa s\u00f3 sai ap\u00f3s o \u00f3bito do paciente. O n\u00famero de pessoas recuperadas est\u00e1 em 12.298.863. J\u00e1 a quantidade de pacientes com casos ativos, em acompanhamento por equipes de sa\u00fade, ficou em 1.164.843. De acordo com novo\u00a0<a rel=\"noreferrer noopener\" href=\"https:\/\/agenciabrasil.ebc.com.br\/saude\/noticia\/2021-04\/covid-19-em-uma-semana-mortes-aumentam-8-e-casos-6\" target=\"_blank\">boletim epidemiol\u00f3gico<\/a>\u00a0da pasta, as mortes e os casos de covid-19 registrados entre os dias 4 e 10 de abril aumentaram, respectivamente, 8% e 6%.<\/p>\n\n\n\n<p><strong>Estados &#8211;<\/strong> O\u00a0<em>ranking<\/em>\u00a0de estados com mais mortes por covid-19 \u00e9 liderado por S\u00e3o Paulo (87.326), Rio\u00a0de Janeiro\u00a0(40.716), Minas Gerais (29.538), Rio Grande do Sul (22.977) e Paran\u00e1 (20.182). J\u00e1 as unidades da federa\u00e7\u00e3o com menos \u00f3bitos s\u00e3o Acre (1.395), Roraima (1.435), Amap\u00e1 (1.456), Tocantins (2.348) e Sergipe (3.903).<\/p>\n\n\n\n<figure class=\"wp-block-image size-large is-resized\"><img loading=\"lazy\" decoding=\"async\" src=\"https:\/\/diariotribuna.com.br\/wp-content\/uploads\/2021\/04\/whatsapp_image_2021-04-16_at_19.07.33.jpeg\" alt=\"\" class=\"wp-image-9372\" width=\"563\" height=\"316\" srcset=\"https:\/\/diariotribuna.com.br\/wp-content\/uploads\/2021\/04\/whatsapp_image_2021-04-16_at_19.07.33.jpeg 700w, https:\/\/diariotribuna.com.br\/wp-content\/uploads\/2021\/04\/whatsapp_image_2021-04-16_at_19.07.33-300x168.jpeg 300w, https:\/\/diariotribuna.com.br\/wp-content\/uploads\/2021\/04\/whatsapp_image_2021-04-16_at_19.07.33-696x391.jpeg 696w\" sizes=\"(max-width: 563px) 100vw, 563px\" \/><\/figure>\n\n\n\n<p><strong>(Ag\u00eancia Brasil)<\/strong><\/p>\n","protected":false},"excerpt":{"rendered":"<p>Segundo Minist\u00e9rio da Sa\u00fade, 12.298.863 pessoas j\u00e1 se recuperaram Nova atualiza\u00e7\u00e3o do Minist\u00e9rio da Sa\u00fade trouxe um total de 368.749 vidas perdidas para a pandemia do novo coronav\u00edrus. J\u00e1 a soma de diagn\u00f3sticos positivos de covid-19 subiu para 13.832.455. Em 24 horas, foram registradas 3.305 novas mortes em decorr\u00eancia do v\u00edrus. J\u00e1 o n\u00famero de [&hellip;]<\/p>\n","protected":false},"author":1,"featured_media":9373,"comment_status":"open","ping_status":"open","sticky":false,"template":"","format":"standard","meta":{"rop_custom_images_group":[],"rop_custom_messages_group":[],"rop_publish_now":"initial","rop_publish_now_accounts":[],"rop_publish_now_history":[],"rop_publish_now_status":"pending","footnotes":""},"categories":[192],"tags":[2952,489,393,84],"class_list":["post-9371","post","type-post","status-publish","format-standard","has-post-thumbnail","hentry","category-covid19","tag-16-04-21","tag-boletim-epidemiologico","tag-brasil","tag-covid-19"],"_links":{"self":[{"href":"https:\/\/diariotribuna.com.br\/index.php?rest_route=\/wp\/v2\/posts\/9371"}],"collection":[{"href":"https:\/\/diariotribuna.com.br\/index.php?rest_route=\/wp\/v2\/posts"}],"about":[{"href":"https:\/\/diariotribuna.com.br\/index.php?rest_route=\/wp\/v2\/types\/post"}],"author":[{"embeddable":true,"href":"https:\/\/diariotribuna.com.br\/index.php?rest_route=\/wp\/v2\/users\/1"}],"replies":[{"embeddable":true,"href":"https:\/\/diariotribuna.com.br\/index.php?rest_route=%2Fwp%2Fv2%2Fcomments&post=9371"}],"version-history":[{"count":2,"href":"https:\/\/diariotribuna.com.br\/index.php?rest_route=\/wp\/v2\/posts\/9371\/revisions"}],"predecessor-version":[{"id":9376,"href":"https:\/\/diariotribuna.com.br\/index.php?rest_route=\/wp\/v2\/posts\/9371\/revisions\/9376"}],"wp:featuredmedia":[{"embeddable":true,"href":"https:\/\/diariotribuna.com.br\/index.php?rest_route=\/wp\/v2\/media\/9373"}],"wp:attachment":[{"href":"https:\/\/diariotribuna.com.br\/index.php?rest_route=%2Fwp%2Fv2%2Fmedia&parent=9371"}],"wp:term":[{"taxonomy":"category","embeddable":true,"href":"https:\/\/diariotribuna.com.br\/index.php?rest_route=%2Fwp%2Fv2%2Fcategories&post=9371"},{"taxonomy":"post_tag","embeddable":true,"href":"https:\/\/diariotribuna.com.br\/index.php?rest_route=%2Fwp%2Fv2%2Ftags&post=9371"}],"curies":[{"name":"wp","href":"https:\/\/api.w.org\/{rel}","templated":true}]}}