{"id":9377,"date":"2021-04-17T10:50:17","date_gmt":"2021-04-17T13:50:17","guid":{"rendered":"https:\/\/diariotribuna.com.br\/?p=9377"},"modified":"2021-04-17T10:57:14","modified_gmt":"2021-04-17T13:57:14","slug":"covid-19-secretaria-confirma-9-582-casos-positivos-em-teofilo-otoni-9-169-recuperados","status":"publish","type":"post","link":"https:\/\/diariotribuna.com.br\/?p=9377","title":{"rendered":"COVID-19: Secretaria confirma 9.582 casos positivos em Te\u00f3filo Otoni; 9.169 recuperados"},"content":{"rendered":"\n<p><\/p>\n\n\n\n<figure class=\"wp-block-image size-large is-resized\"><img loading=\"lazy\" decoding=\"async\" src=\"https:\/\/diariotribuna.com.br\/wp-content\/uploads\/2021\/04\/Pote.jpg\" alt=\"\" class=\"wp-image-9378\" width=\"493\" height=\"253\" srcset=\"https:\/\/diariotribuna.com.br\/wp-content\/uploads\/2021\/04\/Pote.jpg 600w, https:\/\/diariotribuna.com.br\/wp-content\/uploads\/2021\/04\/Pote-300x154.jpg 300w\" sizes=\"(max-width: 493px) 100vw, 493px\" \/><\/figure>\n\n\n\n<p>A Secretaria Municipal de Sa\u00fade divulgou na noite de sexta-feira (16\/04\/21), o boletim epidemiol\u00f3gico confirmando 9.582 casos positivos de Covid-19 em Te\u00f3filo Otoni, 92 a mais nas \u00faltimas 24 horas, e computa <strong>266 \u00f3bitos<\/strong> por complica\u00e7\u00f5es causadas pelo coronav\u00edrus at\u00e9 esta data. Ainda de acordo com o boletim tem <strong>03 \u00f3bitos em investiga\u00e7\u00e3o<\/strong>, tem <strong>997 casos ativos<\/strong>, <strong>9.169 casos recuperados<\/strong>, e 21.303 casos suspeitos foram descartados.<\/p>\n\n\n\n<p>No <strong>boletim de quinta-feira (15\/04\/21), foram inseridos 03 \u00f3bitos, que ocorreram nos dias 09, 14 e 15\/04\/21. <\/strong>O <strong>1\u00ba \u00f3bito<\/strong> trata-se de uma idosa de 70 anos, que estava internada na UPA Gobira. O <strong>2\u00ba \u00f3bito<\/strong> \u00e9 de uma mulher de 47 anos, que estava internada no Hospital Bom Samaritano. O <strong>3\u00ba \u00f3bito<\/strong> \u00e9 de uma idosa de 78 anos, que estava internada no Hospital Santa Ros\u00e1lia. Os tr\u00eas pacientes tiveram os resultados confirmados por RT-PCR.<\/p>\n\n\n\n<p>No <strong>boletim de quarta-feira (14\/04\/21), a Secretaria de Sa\u00fade divulgou 04 \u00f3bitos, ocorridos em: 05\/11\/2020, 26\/12\/2020, 13\/12\/2020 e 05\/03\/2020<\/strong>, e explicou que os \u00f3bitos foram divulgados nesta data, por busca ativa no banco de dados do Sistema de Informa\u00e7\u00e3o de Mortalidade (SIM). S\u00e3o pessoas residentes em Te\u00f3filo Otoni, mas que faleceram em outros munic\u00edpios, e por quest\u00e3o de protocolo os \u00f3bitos devem ser registrados no endere\u00e7o de resid\u00eancia do paciente.<\/p>\n\n\n\n<p>O <strong>1\u00ba \u00f3bito<\/strong> trata-se de um idoso de 77 anos, que estava internado no Hospital Israel Pinheiro em Belo Horizonte. O <strong>2\u00ba \u00f3bito<\/strong> \u00e9 de um idoso de 77 anos, que estava internado no Hospital Albert Einstein em S\u00e3o Paulo. O <strong>3\u00ba \u00f3bito<\/strong> \u00e9 de um idoso de 77 anos, que estava internado no Hospital da Unimed em Coronel Fabriciano. O <strong>4\u00ba \u00f3bito<\/strong> trata-se de uma idosa de 75 anos, que estava internada no Hospital Vila da Serra em Belo Horizonte. Os quatro pacientes tiveram os resultados confirmados por RT-PCR.<\/p>\n\n\n\n<p><strong>Interna\u00e7\u00f5es at\u00e9 (16\/04):<\/strong> Pelo SUS, Conv\u00eanio e Particular tem 40 leitos de UTI Covid no munic\u00edpio e 37 est\u00e3o ocupados, sendo 27 pacientes de Te\u00f3filo Otoni e 10 de outros munic\u00edpios (92,50% de ocupa\u00e7\u00e3o). Tem 106 Leitos de Enfermaria Covid e 60 est\u00e3o ocupados, sendo 44 pacientes de Te\u00f3filo Otoni e 16 de outros munic\u00edpios (56,60% de ocupa\u00e7\u00e3o). <strong>Vacin\u00f4metro:<\/strong> dados atualizados na segunda-feira (12\/04) mostram que j\u00e1 foram aplicadas 24.691 doses de vacina contra a Covid-19 (1\u00aa dose), e 8.725 doses (na 2\u00aa).<\/p>\n","protected":false},"excerpt":{"rendered":"<p>A Secretaria Municipal de Sa\u00fade divulgou na noite de sexta-feira (16\/04\/21), o boletim epidemiol\u00f3gico confirmando 9.582 casos positivos de Covid-19 em Te\u00f3filo Otoni, 92 a mais nas \u00faltimas 24 horas, e computa 266 \u00f3bitos por complica\u00e7\u00f5es causadas pelo coronav\u00edrus at\u00e9 esta data. Ainda de acordo com o boletim tem 03 \u00f3bitos em investiga\u00e7\u00e3o, tem 997 [&hellip;]<\/p>\n","protected":false},"author":1,"featured_media":9378,"comment_status":"open","ping_status":"open","sticky":false,"template":"","format":"standard","meta":{"rop_custom_images_group":[],"rop_custom_messages_group":[],"rop_publish_now":"initial","rop_publish_now_accounts":[],"rop_publish_now_history":[],"rop_publish_now_status":"pending","footnotes":""},"categories":[192],"tags":[2952,489,84,75],"class_list":["post-9377","post","type-post","status-publish","format-standard","has-post-thumbnail","hentry","category-covid19","tag-16-04-21","tag-boletim-epidemiologico","tag-covid-19","tag-teofilo-otoni"],"_links":{"self":[{"href":"https:\/\/diariotribuna.com.br\/index.php?rest_route=\/wp\/v2\/posts\/9377"}],"collection":[{"href":"https:\/\/diariotribuna.com.br\/index.php?rest_route=\/wp\/v2\/posts"}],"about":[{"href":"https:\/\/diariotribuna.com.br\/index.php?rest_route=\/wp\/v2\/types\/post"}],"author":[{"embeddable":true,"href":"https:\/\/diariotribuna.com.br\/index.php?rest_route=\/wp\/v2\/users\/1"}],"replies":[{"embeddable":true,"href":"https:\/\/diariotribuna.com.br\/index.php?rest_route=%2Fwp%2Fv2%2Fcomments&post=9377"}],"version-history":[{"count":2,"href":"https:\/\/diariotribuna.com.br\/index.php?rest_route=\/wp\/v2\/posts\/9377\/revisions"}],"predecessor-version":[{"id":9382,"href":"https:\/\/diariotribuna.com.br\/index.php?rest_route=\/wp\/v2\/posts\/9377\/revisions\/9382"}],"wp:featuredmedia":[{"embeddable":true,"href":"https:\/\/diariotribuna.com.br\/index.php?rest_route=\/wp\/v2\/media\/9378"}],"wp:attachment":[{"href":"https:\/\/diariotribuna.com.br\/index.php?rest_route=%2Fwp%2Fv2%2Fmedia&parent=9377"}],"wp:term":[{"taxonomy":"category","embeddable":true,"href":"https:\/\/diariotribuna.com.br\/index.php?rest_route=%2Fwp%2Fv2%2Fcategories&post=9377"},{"taxonomy":"post_tag","embeddable":true,"href":"https:\/\/diariotribuna.com.br\/index.php?rest_route=%2Fwp%2Fv2%2Ftags&post=9377"}],"curies":[{"name":"wp","href":"https:\/\/api.w.org\/{rel}","templated":true}]}}