{"id":9384,"date":"2021-04-17T12:39:09","date_gmt":"2021-04-17T15:39:09","guid":{"rendered":"https:\/\/diariotribuna.com.br\/?p=9384"},"modified":"2021-04-22T11:59:56","modified_gmt":"2021-04-22T14:59:56","slug":"policia-civil-prende-lider-de-organizacao-criminosa-envolvida-em-golpes-na-aquisicao-de-gado","status":"publish","type":"post","link":"https:\/\/diariotribuna.com.br\/?p=9384","title":{"rendered":"Pol\u00edcia Civil prende l\u00edder de organiza\u00e7\u00e3o criminosa envolvida em golpes na aquisi\u00e7\u00e3o de gado"},"content":{"rendered":"\n<h4 class=\"wp-block-heading\"><em>A a\u00e7\u00e3o da quadrilha que atuava em cidades dos estados de Minas Gerais, Paran\u00e1, S\u00e3o Paulo e Goi\u00e1s resultou em desfalque financeiro milion\u00e1rio<\/em><\/h4>\n\n\n\n<figure class=\"wp-block-image size-large is-resized\"><img loading=\"lazy\" decoding=\"async\" src=\"https:\/\/diariotribuna.com.br\/wp-content\/uploads\/2021\/04\/1-3.jpg\" alt=\"\" class=\"wp-image-9385\" width=\"488\" height=\"353\" srcset=\"https:\/\/diariotribuna.com.br\/wp-content\/uploads\/2021\/04\/1-3.jpg 700w, https:\/\/diariotribuna.com.br\/wp-content\/uploads\/2021\/04\/1-3-300x217.jpg 300w, https:\/\/diariotribuna.com.br\/wp-content\/uploads\/2021\/04\/1-3-324x235.jpg 324w, https:\/\/diariotribuna.com.br\/wp-content\/uploads\/2021\/04\/1-3-696x503.jpg 696w, https:\/\/diariotribuna.com.br\/wp-content\/uploads\/2021\/04\/1-3-581x420.jpg 581w\" sizes=\"(max-width: 488px) 100vw, 488px\" \/><\/figure>\n\n\n\n<p>A Pol\u00edcia Civil de Minas Gerais, por meio da 5\u00aa Delegacia de Itambacuri e da Delegacia Especializada em Repress\u00e3o a Crimes contra o Patrim\u00f4nio de Governador Valadares, com apoio da Delegacia de Po\u00e7os de Caldas, prendeu o l\u00edder da quadrilha que atuava em cidades dos estados de Minas Gerais, Paran\u00e1, S\u00e3o Paulo e Goi\u00e1s. Segundo a PC a organiza\u00e7\u00e3o criminosa era especializada em golpes na aquisi\u00e7\u00e3o de reses bovinas, que culminou com um desfalque financeiro que ultrapassou a somat\u00f3ria de 01 milh\u00e3o de reais.<\/p>\n\n\n\n<p><strong>S\u00edntese dos fatos &#8211;<\/strong> No dia 06 de fevereiro do corrente ano os investigados, mediante fraude, fazendo-se passar por Ranulfo Resende Neto, adquiriram da v\u00edtima M.V.M.M. uma carga de 15 touros da ra\u00e7a Guzer\u00e1, perfazendo um total de R$225.000,00. \u201cNo dia 19 de mar\u00e7o, audaciosamente, os golpistas tentam negociar novamente com a v\u00edtima, desta vez se passando por Walter da Silva Machado, ocasi\u00e3o em que fora interceptado o caminh\u00e3o boiadeiro que trazia novo contrato falso\u201d, disse o delegado titular de Itambacuri, dr. Eduardo Gil.<\/p>\n\n\n\n<p>O delegado informa ainda, que nos dias 26, 27 e 28 de mar\u00e7o as equipes rastrearam o caminh\u00e3o M. Benz 1418, do A.E.N., de 45 anos, usado para transportar os 15 touros ilicitamente adquiridos, interceptando o ve\u00edculo no estado do Mato Grosso do Sul, escoltando-o at\u00e9 o Triangulo Mineiro, local onde interceptaram e apreenderam o ve\u00edculo, e restitu\u00edram 23 cabe\u00e7as de gado ao legitimo dono.<\/p>\n\n\n\n<p>J.G.P., de 31 anos, preso no dia 28 de mar\u00e7o na cidade de Batatais\/SP, era bra\u00e7o direito do l\u00edder da quadrilha, monitorava o tr\u00e2nsito dos transportadores e fazia contato com outros integrantes para fazerem a entrega de valores e contratos falsos destinados \u00e0s v\u00edtimas.<\/p>\n\n\n\n<p>A.D.A.C., de 52 anos, preso no dia 14 deste m\u00eas, em Casa Branca\/SP, era respons\u00e1vel pelo recebimento e desembarque do gado, para posterior renegocia\u00e7\u00e3o pelo l\u00edder da quadrilha.<\/p>\n\n\n\n<p>O investigado R.B.L., de 39 anos, apontado como l\u00edder da organiza\u00e7\u00e3o, foi localizado e preso ao alvorecer do dia 15 deste m\u00eas, na cidade de Po\u00e7os de Caldas, numa ch\u00e1cara pertencente a ele, local onde foram cumpridos os mandados de busca e apreens\u00e3o e de pris\u00e3o.<\/p>\n\n\n\n<p>R.B.L. usava falsamente os nomes de Ranulfo Resende Neto e Walter da Silva Machado, com os quais se apresentava \u00e0s v\u00edtimas pecuaristas e, por meio de aplicativo social, realiza contratos de compra e venda de gado.<\/p>\n\n\n\n<p><strong>Das a\u00e7\u00f5es de campo \u2013<\/strong> \u201cAs a\u00e7\u00f5es desenvolvidas pelas equipes foram exitosas e ultimadas em raz\u00e3o do fracionamento das buscas, desencadeadas em fases, cada qual contando com o interc\u00e2mbio entre as for\u00e7as de seguran\u00e7a dos estados onde se deram outros crimes, tais como Paran\u00e1, Mato Grosso do Sul, Goi\u00e1s, S\u00e3o Paulo e Tri\u00e2ngulo Mineiro, em constante monitoramento da trajet\u00f3ria dos investigados, os quais foram sendo alcan\u00e7ados e desarticulados\u201d, destacou dr. Eduardo Gil.<\/p>\n\n\n\n<p>Gil ressalta ainda que, \u201cdurante as atividades de campo e de busca foram arrecadados diversos bens em poder dos asseclas, notadamente em nome do R.B.L., l\u00edder da quadrilha, sendo apreendidos ve\u00edculos, motocicletas, valores em dinheiro, documentos, cart\u00f5es e t\u00edtulos banc\u00e1rios, al\u00e9m de materiais utilizados para a contrafa\u00e7\u00e3o de contratos\u201d.<\/p>\n\n\n\n<p>A merit\u00f3ria atua\u00e7\u00e3o das equipes de busca teve bom \u00eaxito em raz\u00e3o das a\u00e7\u00f5es coordenadas da central estrat\u00e9gica, que contou com a participa\u00e7\u00e3o efetiva de agentes da PRF, dos Postos de Fiscaliza\u00e7\u00e3o das rodovias por onde transitavam os alvos e das equipes policiais civis de Po\u00e7os de Caldas e da PCSP.<\/p>\n\n\n\n<p><strong>Equipes \u2013<\/strong> <strong>Delegados de Pol\u00edcia:<\/strong> Dr. Eduardo Gil (Itambacuri) e dr. Cleriston (Governador Valadares). <strong>Investigadores \/ DPC Governador Valadares e Itambacuri:<\/strong> Renato A. Silva, Leandro R. Zelnick, Douglas A. Ara\u00fajo, Jo\u00e3o C. F. Sabar\u00e1 e Glauzel\u00e2nio \u201cBota\u201d. <strong>DPC Po\u00e7os de Caldas:<\/strong> Giovani Juventino, Paulo A. Silva, Greg\u00f3rio H. Martins, Marcos P. Fonseca e Leandro A. Milan. (Informa\u00e7\u00f5es\/Fotos: PCMG\/ Itambacuri\/ Dr. Eduardo Gil).<\/p>\n\n\n\n<figure class=\"wp-block-gallery columns-4 is-cropped wp-block-gallery-1 is-layout-flex wp-block-gallery-is-layout-flex\"><ul class=\"blocks-gallery-grid\"><li class=\"blocks-gallery-item\"><figure><img loading=\"lazy\" decoding=\"async\" width=\"600\" height=\"337\" src=\"https:\/\/diariotribuna.com.br\/wp-content\/uploads\/2021\/04\/5-3.jpg\" alt=\"\" data-id=\"9386\" data-full-url=\"https:\/\/diariotribuna.com.br\/wp-content\/uploads\/2021\/04\/5-3.jpg\" data-link=\"https:\/\/diariotribuna.com.br\/?attachment_id=9386\" class=\"wp-image-9386\" srcset=\"https:\/\/diariotribuna.com.br\/wp-content\/uploads\/2021\/04\/5-3.jpg 600w, https:\/\/diariotribuna.com.br\/wp-content\/uploads\/2021\/04\/5-3-300x169.jpg 300w\" sizes=\"(max-width: 600px) 100vw, 600px\" \/><\/figure><\/li><li class=\"blocks-gallery-item\"><figure><img loading=\"lazy\" decoding=\"async\" width=\"600\" height=\"415\" src=\"https:\/\/diariotribuna.com.br\/wp-content\/uploads\/2021\/04\/6-2.jpg\" alt=\"\" data-id=\"9387\" data-full-url=\"https:\/\/diariotribuna.com.br\/wp-content\/uploads\/2021\/04\/6-2.jpg\" data-link=\"https:\/\/diariotribuna.com.br\/?attachment_id=9387\" class=\"wp-image-9387\" srcset=\"https:\/\/diariotribuna.com.br\/wp-content\/uploads\/2021\/04\/6-2.jpg 600w, https:\/\/diariotribuna.com.br\/wp-content\/uploads\/2021\/04\/6-2-300x208.jpg 300w, https:\/\/diariotribuna.com.br\/wp-content\/uploads\/2021\/04\/6-2-100x70.jpg 100w, https:\/\/diariotribuna.com.br\/wp-content\/uploads\/2021\/04\/6-2-218x150.jpg 218w\" sizes=\"(max-width: 600px) 100vw, 600px\" \/><\/figure><\/li><li class=\"blocks-gallery-item\"><figure><img loading=\"lazy\" decoding=\"async\" width=\"600\" height=\"337\" src=\"https:\/\/diariotribuna.com.br\/wp-content\/uploads\/2021\/04\/2-3.jpg\" alt=\"\" data-id=\"9388\" data-full-url=\"https:\/\/diariotribuna.com.br\/wp-content\/uploads\/2021\/04\/2-3.jpg\" data-link=\"https:\/\/diariotribuna.com.br\/?attachment_id=9388\" class=\"wp-image-9388\" srcset=\"https:\/\/diariotribuna.com.br\/wp-content\/uploads\/2021\/04\/2-3.jpg 600w, https:\/\/diariotribuna.com.br\/wp-content\/uploads\/2021\/04\/2-3-300x169.jpg 300w\" sizes=\"(max-width: 600px) 100vw, 600px\" \/><\/figure><\/li><li class=\"blocks-gallery-item\"><figure><img loading=\"lazy\" decoding=\"async\" width=\"600\" height=\"473\" src=\"https:\/\/diariotribuna.com.br\/wp-content\/uploads\/2021\/04\/3-4.jpg\" alt=\"\" data-id=\"9389\" data-full-url=\"https:\/\/diariotribuna.com.br\/wp-content\/uploads\/2021\/04\/3-4.jpg\" data-link=\"https:\/\/diariotribuna.com.br\/?attachment_id=9389\" class=\"wp-image-9389\" srcset=\"https:\/\/diariotribuna.com.br\/wp-content\/uploads\/2021\/04\/3-4.jpg 600w, https:\/\/diariotribuna.com.br\/wp-content\/uploads\/2021\/04\/3-4-300x237.jpg 300w, https:\/\/diariotribuna.com.br\/wp-content\/uploads\/2021\/04\/3-4-533x420.jpg 533w\" sizes=\"(max-width: 600px) 100vw, 600px\" \/><\/figure><\/li><\/ul><\/figure>\n","protected":false},"excerpt":{"rendered":"<p>A a\u00e7\u00e3o da quadrilha que atuava em cidades dos estados de Minas Gerais, Paran\u00e1, S\u00e3o Paulo e Goi\u00e1s resultou em desfalque financeiro milion\u00e1rio A Pol\u00edcia Civil de Minas Gerais, por meio da 5\u00aa Delegacia de Itambacuri e da Delegacia Especializada em Repress\u00e3o a Crimes contra o Patrim\u00f4nio de Governador Valadares, com apoio da Delegacia de [&hellip;]<\/p>\n","protected":false},"author":1,"featured_media":9385,"comment_status":"open","ping_status":"open","sticky":false,"template":"","format":"standard","meta":{"rop_custom_images_group":[],"rop_custom_messages_group":[],"rop_publish_now":"initial","rop_publish_now_accounts":[],"rop_publish_now_history":[],"rop_publish_now_status":"pending","footnotes":""},"categories":[20],"tags":[2959,2217,96,292,2464,203],"class_list":["post-9384","post","type-post","status-publish","format-standard","has-post-thumbnail","hentry","category-policia","tag-compra-de-gado","tag-golpes","tag-itambacuri","tag-policia-civil","tag-prisoes","tag-quadrilha"],"_links":{"self":[{"href":"https:\/\/diariotribuna.com.br\/index.php?rest_route=\/wp\/v2\/posts\/9384"}],"collection":[{"href":"https:\/\/diariotribuna.com.br\/index.php?rest_route=\/wp\/v2\/posts"}],"about":[{"href":"https:\/\/diariotribuna.com.br\/index.php?rest_route=\/wp\/v2\/types\/post"}],"author":[{"embeddable":true,"href":"https:\/\/diariotribuna.com.br\/index.php?rest_route=\/wp\/v2\/users\/1"}],"replies":[{"embeddable":true,"href":"https:\/\/diariotribuna.com.br\/index.php?rest_route=%2Fwp%2Fv2%2Fcomments&post=9384"}],"version-history":[{"count":3,"href":"https:\/\/diariotribuna.com.br\/index.php?rest_route=\/wp\/v2\/posts\/9384\/revisions"}],"predecessor-version":[{"id":9393,"href":"https:\/\/diariotribuna.com.br\/index.php?rest_route=\/wp\/v2\/posts\/9384\/revisions\/9393"}],"wp:featuredmedia":[{"embeddable":true,"href":"https:\/\/diariotribuna.com.br\/index.php?rest_route=\/wp\/v2\/media\/9385"}],"wp:attachment":[{"href":"https:\/\/diariotribuna.com.br\/index.php?rest_route=%2Fwp%2Fv2%2Fmedia&parent=9384"}],"wp:term":[{"taxonomy":"category","embeddable":true,"href":"https:\/\/diariotribuna.com.br\/index.php?rest_route=%2Fwp%2Fv2%2Fcategories&post=9384"},{"taxonomy":"post_tag","embeddable":true,"href":"https:\/\/diariotribuna.com.br\/index.php?rest_route=%2Fwp%2Fv2%2Ftags&post=9384"}],"curies":[{"name":"wp","href":"https:\/\/api.w.org\/{rel}","templated":true}]}}