{"id":9394,"date":"2021-04-18T23:40:11","date_gmt":"2021-04-19T02:40:11","guid":{"rendered":"https:\/\/diariotribuna.com.br\/?p=9394"},"modified":"2021-04-18T23:40:12","modified_gmt":"2021-04-19T02:40:12","slug":"brasil-contabiliza-42-980-novos-casos-de-covid-19","status":"publish","type":"post","link":"https:\/\/diariotribuna.com.br\/?p=9394","title":{"rendered":"Brasil contabiliza 42.980 novos casos de covid-19"},"content":{"rendered":"\n<p><strong>O n\u00famero de pessoas recuperadas ultrapassa os 12 milh\u00f5es<\/strong><\/p>\n\n\n\n<figure class=\"wp-block-image size-large is-resized\"><img loading=\"lazy\" decoding=\"async\" src=\"https:\/\/diariotribuna.com.br\/wp-content\/uploads\/2021\/04\/2020-06-03t000000z_1163321663_rc2w1h9w7ee7_rtrmadp_3_health-coronavirus-brazil.jpg\" alt=\"\" class=\"wp-image-9395\" width=\"568\" height=\"328\" srcset=\"https:\/\/diariotribuna.com.br\/wp-content\/uploads\/2021\/04\/2020-06-03t000000z_1163321663_rc2w1h9w7ee7_rtrmadp_3_health-coronavirus-brazil.jpg 700w, https:\/\/diariotribuna.com.br\/wp-content\/uploads\/2021\/04\/2020-06-03t000000z_1163321663_rc2w1h9w7ee7_rtrmadp_3_health-coronavirus-brazil-300x173.jpg 300w, https:\/\/diariotribuna.com.br\/wp-content\/uploads\/2021\/04\/2020-06-03t000000z_1163321663_rc2w1h9w7ee7_rtrmadp_3_health-coronavirus-brazil-696x402.jpg 696w\" sizes=\"(max-width: 568px) 100vw, 568px\" \/><\/figure>\n\n\n\n<p>Em 24 horas, houve 42.980 novos casos de covid-19 no Brasil. O n\u00famero consta da atualiza\u00e7\u00e3o do Minist\u00e9rio da Sa\u00fade (MS) deste domingo (18). No balan\u00e7o, foram confirmados 13.943.071 diagn\u00f3sticos positivos desde o primeiro, em fevereiro de 2020. O n\u00famero de mortes em decorr\u00eancia da pandemia do novo coronav\u00edrus chegou a 373.335. De ontem para\u00a0hoje, foram confirmados 1.657 novos \u00f3bitos.<\/p>\n\n\n\n<p>Ainda h\u00e1 3.660 mortes em investiga\u00e7\u00e3o por equipes de sa\u00fade. Isso porque h\u00e1 casos em que o diagn\u00f3stico sobre a causa s\u00f3 sai ap\u00f3s o \u00f3bito do paciente. O n\u00famero de pessoas recuperadas est\u00e1 em 12.391.599. J\u00e1 o total de pacientes com casos ativos, em acompanhamento por equipes de sa\u00fade, ficou em 1.178.137.<\/p>\n\n\n\n<p><strong>Dados &#8211; <\/strong>Os dados em geral s\u00e3o menores aos domingos e segundas-feiras pela menor quantidade de trabalhadores para fazer os novos registros de casos e mortes. J\u00e1 \u00e0s\u00a0ter\u00e7as-feiras eles tendem a ser maiores porque neste dia o balan\u00e7o recebe o ac\u00famulo das informa\u00e7\u00f5es n\u00e3o processadas no fim de semana.<\/p>\n\n\n\n<p><strong>Estados &#8211; <\/strong>O ranking de estados com mais mortes pela covid-19 \u00e9 liderado por S\u00e3o Paulo (88.350), Rio\u00a0de Janeiro\u00a0(41.310), Minas Gerais (30.309), Rio Grande do Sul (23.192) e Paran\u00e1 (20.349). J\u00e1 as unidades da Federa\u00e7\u00e3o com menos \u00f3bitos s\u00e3o Acre (1.418), Roraima (1.445), Amap\u00e1 (1.467), Tocantins (2.374) e Sergipe (3.955).<\/p>\n\n\n\n<figure class=\"wp-block-image size-large is-resized\"><img loading=\"lazy\" decoding=\"async\" src=\"https:\/\/diariotribuna.com.br\/wp-content\/uploads\/2021\/04\/2021-04-18_at_18.37.19_1.jpeg\" alt=\"\" class=\"wp-image-9396\" width=\"603\" height=\"338\" srcset=\"https:\/\/diariotribuna.com.br\/wp-content\/uploads\/2021\/04\/2021-04-18_at_18.37.19_1.jpeg 700w, https:\/\/diariotribuna.com.br\/wp-content\/uploads\/2021\/04\/2021-04-18_at_18.37.19_1-300x168.jpeg 300w, https:\/\/diariotribuna.com.br\/wp-content\/uploads\/2021\/04\/2021-04-18_at_18.37.19_1-696x390.jpeg 696w\" sizes=\"(max-width: 603px) 100vw, 603px\" \/><\/figure>\n\n\n\n<p><strong>(Ag\u00eancia Brasil)<\/strong><\/p>\n","protected":false},"excerpt":{"rendered":"<p>O n\u00famero de pessoas recuperadas ultrapassa os 12 milh\u00f5es Em 24 horas, houve 42.980 novos casos de covid-19 no Brasil. O n\u00famero consta da atualiza\u00e7\u00e3o do Minist\u00e9rio da Sa\u00fade (MS) deste domingo (18). No balan\u00e7o, foram confirmados 13.943.071 diagn\u00f3sticos positivos desde o primeiro, em fevereiro de 2020. O n\u00famero de mortes em decorr\u00eancia da pandemia [&hellip;]<\/p>\n","protected":false},"author":1,"featured_media":9395,"comment_status":"open","ping_status":"open","sticky":false,"template":"","format":"standard","meta":{"rop_custom_images_group":[],"rop_custom_messages_group":[],"rop_publish_now":"initial","rop_publish_now_accounts":[],"rop_publish_now_history":[],"rop_publish_now_status":"pending","footnotes":""},"categories":[192],"tags":[2960,489,393,84],"class_list":["post-9394","post","type-post","status-publish","format-standard","has-post-thumbnail","hentry","category-covid19","tag-18-04-21","tag-boletim-epidemiologico","tag-brasil","tag-covid-19"],"_links":{"self":[{"href":"https:\/\/diariotribuna.com.br\/index.php?rest_route=\/wp\/v2\/posts\/9394"}],"collection":[{"href":"https:\/\/diariotribuna.com.br\/index.php?rest_route=\/wp\/v2\/posts"}],"about":[{"href":"https:\/\/diariotribuna.com.br\/index.php?rest_route=\/wp\/v2\/types\/post"}],"author":[{"embeddable":true,"href":"https:\/\/diariotribuna.com.br\/index.php?rest_route=\/wp\/v2\/users\/1"}],"replies":[{"embeddable":true,"href":"https:\/\/diariotribuna.com.br\/index.php?rest_route=%2Fwp%2Fv2%2Fcomments&post=9394"}],"version-history":[{"count":1,"href":"https:\/\/diariotribuna.com.br\/index.php?rest_route=\/wp\/v2\/posts\/9394\/revisions"}],"predecessor-version":[{"id":9397,"href":"https:\/\/diariotribuna.com.br\/index.php?rest_route=\/wp\/v2\/posts\/9394\/revisions\/9397"}],"wp:featuredmedia":[{"embeddable":true,"href":"https:\/\/diariotribuna.com.br\/index.php?rest_route=\/wp\/v2\/media\/9395"}],"wp:attachment":[{"href":"https:\/\/diariotribuna.com.br\/index.php?rest_route=%2Fwp%2Fv2%2Fmedia&parent=9394"}],"wp:term":[{"taxonomy":"category","embeddable":true,"href":"https:\/\/diariotribuna.com.br\/index.php?rest_route=%2Fwp%2Fv2%2Fcategories&post=9394"},{"taxonomy":"post_tag","embeddable":true,"href":"https:\/\/diariotribuna.com.br\/index.php?rest_route=%2Fwp%2Fv2%2Ftags&post=9394"}],"curies":[{"name":"wp","href":"https:\/\/api.w.org\/{rel}","templated":true}]}}