{"id":9398,"date":"2021-04-18T23:48:21","date_gmt":"2021-04-19T02:48:21","guid":{"rendered":"https:\/\/diariotribuna.com.br\/?p=9398"},"modified":"2021-04-18T23:49:00","modified_gmt":"2021-04-19T02:49:00","slug":"covid-19-secretaria-confirma-9-628-casos-positivos-em-teofilo-otoni-9-201-recuperados","status":"publish","type":"post","link":"https:\/\/diariotribuna.com.br\/?p=9398","title":{"rendered":"COVID-19: Secretaria confirma 9.628 casos positivos em Te\u00f3filo Otoni; 9.201 recuperados"},"content":{"rendered":"\n<figure class=\"wp-block-image size-large is-resized\"><img loading=\"lazy\" decoding=\"async\" src=\"https:\/\/diariotribuna.com.br\/wp-content\/uploads\/2021\/04\/unnamed-file-6.jpg\" alt=\"\" class=\"wp-image-9399\" width=\"430\" height=\"262\" srcset=\"https:\/\/diariotribuna.com.br\/wp-content\/uploads\/2021\/04\/unnamed-file-6.jpg 700w, https:\/\/diariotribuna.com.br\/wp-content\/uploads\/2021\/04\/unnamed-file-6-300x183.jpg 300w, https:\/\/diariotribuna.com.br\/wp-content\/uploads\/2021\/04\/unnamed-file-6-696x425.jpg 696w, https:\/\/diariotribuna.com.br\/wp-content\/uploads\/2021\/04\/unnamed-file-6-689x420.jpg 689w\" sizes=\"(max-width: 430px) 100vw, 430px\" \/><\/figure>\n\n\n\n<p>O boletim epidemiol\u00f3gico divulgado pela Secretaria Municipal de Sa\u00fade, na noite deste domingo (18\/04\/21), confirma 9.628 casos positivos de Covid-19 em Te\u00f3filo Otoni, 32 a mais nas \u00faltimas 24 horas, e contabiliza <strong>mais 02 \u00f3bitos <\/strong>por complica\u00e7\u00f5es causadas pela covid, totalizando 269 at\u00e9 esta data. Ainda segundo o boletim tem 03 \u00f3bitos em investiga\u00e7\u00e3o, tem 1.011 casos ativos, 9.201 casos recuperados, e 21.372 casos suspeitos foram descartados.<\/p>\n\n\n\n<p><strong>Os 02 \u00faltimos \u00f3bitos<\/strong> ocorreram nos dias 17 e 18\/04\/21 (s\u00e1bado e domingo). <strong>O 1\u00ba \u00f3bito<\/strong> \u00e9 de um idoso de 74 anos, que estava internado no Hospital Philadelfia. <strong>O 2\u00ba \u00f3bito<\/strong> \u00e9 de um idoso de 74 anos, que estava internado no Hospital Santa Ros\u00e1lia. Os dois pacientes tiveram os resultados confirmados por RT-PCR.<\/p>\n\n\n\n<p><strong>Interna\u00e7\u00f5es at\u00e9 (18\/04):<\/strong> Pelo SUS, Conv\u00eanio e Particular tem 40 leitos de UTI Covid no munic\u00edpio e 35 est\u00e3o ocupados, sendo 25 pacientes de Te\u00f3filo Otoni e 10 de outros munic\u00edpios (87,50% de ocupa\u00e7\u00e3o). Tem 106 Leitos de Enfermaria Covid e 51 est\u00e3o ocupados, sendo 34 pacientes de Te\u00f3filo Otoni e 17 de outros munic\u00edpios (48,11% de ocupa\u00e7\u00e3o).<\/p>\n\n\n\n<p><strong>Vacin\u00f4metro:<\/strong> dados atualizados na segunda-feira (12\/04) mostram que j\u00e1 foram aplicadas 24.691 doses de vacina contra a Covid-19 (1\u00aa dose), e 8.725 doses (na 2\u00aa).<\/p>\n","protected":false},"excerpt":{"rendered":"<p>O boletim epidemiol\u00f3gico divulgado pela Secretaria Municipal de Sa\u00fade, na noite deste domingo (18\/04\/21), confirma 9.628 casos positivos de Covid-19 em Te\u00f3filo Otoni, 32 a mais nas \u00faltimas 24 horas, e contabiliza mais 02 \u00f3bitos por complica\u00e7\u00f5es causadas pela covid, totalizando 269 at\u00e9 esta data. Ainda segundo o boletim tem 03 \u00f3bitos em investiga\u00e7\u00e3o, tem [&hellip;]<\/p>\n","protected":false},"author":1,"featured_media":9399,"comment_status":"open","ping_status":"open","sticky":false,"template":"","format":"standard","meta":{"rop_custom_images_group":[],"rop_custom_messages_group":[],"rop_publish_now":"initial","rop_publish_now_accounts":[],"rop_publish_now_history":[],"rop_publish_now_status":"pending","footnotes":""},"categories":[192],"tags":[2960,489,84,75],"class_list":["post-9398","post","type-post","status-publish","format-standard","has-post-thumbnail","hentry","category-covid19","tag-18-04-21","tag-boletim-epidemiologico","tag-covid-19","tag-teofilo-otoni"],"_links":{"self":[{"href":"https:\/\/diariotribuna.com.br\/index.php?rest_route=\/wp\/v2\/posts\/9398"}],"collection":[{"href":"https:\/\/diariotribuna.com.br\/index.php?rest_route=\/wp\/v2\/posts"}],"about":[{"href":"https:\/\/diariotribuna.com.br\/index.php?rest_route=\/wp\/v2\/types\/post"}],"author":[{"embeddable":true,"href":"https:\/\/diariotribuna.com.br\/index.php?rest_route=\/wp\/v2\/users\/1"}],"replies":[{"embeddable":true,"href":"https:\/\/diariotribuna.com.br\/index.php?rest_route=%2Fwp%2Fv2%2Fcomments&post=9398"}],"version-history":[{"count":2,"href":"https:\/\/diariotribuna.com.br\/index.php?rest_route=\/wp\/v2\/posts\/9398\/revisions"}],"predecessor-version":[{"id":9401,"href":"https:\/\/diariotribuna.com.br\/index.php?rest_route=\/wp\/v2\/posts\/9398\/revisions\/9401"}],"wp:featuredmedia":[{"embeddable":true,"href":"https:\/\/diariotribuna.com.br\/index.php?rest_route=\/wp\/v2\/media\/9399"}],"wp:attachment":[{"href":"https:\/\/diariotribuna.com.br\/index.php?rest_route=%2Fwp%2Fv2%2Fmedia&parent=9398"}],"wp:term":[{"taxonomy":"category","embeddable":true,"href":"https:\/\/diariotribuna.com.br\/index.php?rest_route=%2Fwp%2Fv2%2Fcategories&post=9398"},{"taxonomy":"post_tag","embeddable":true,"href":"https:\/\/diariotribuna.com.br\/index.php?rest_route=%2Fwp%2Fv2%2Ftags&post=9398"}],"curies":[{"name":"wp","href":"https:\/\/api.w.org\/{rel}","templated":true}]}}