{"id":9407,"date":"2021-04-20T00:32:18","date_gmt":"2021-04-20T03:32:18","guid":{"rendered":"https:\/\/diariotribuna.com.br\/?p=9407"},"modified":"2021-04-20T00:51:08","modified_gmt":"2021-04-20T03:51:08","slug":"para-nao-tratar-politicos-como-idolos-diferencas-entre-apoiadores-e-fas","status":"publish","type":"post","link":"https:\/\/diariotribuna.com.br\/?p=9407","title":{"rendered":"Para n\u00e3o tratar pol\u00edticos como \u00eddolos: diferen\u00e7as entre apoiadores e f\u00e3s"},"content":{"rendered":"\n<figure class=\"wp-block-image size-large is-resized\"><img loading=\"lazy\" decoding=\"async\" src=\"https:\/\/diariotribuna.com.br\/wp-content\/uploads\/2021\/04\/unnamed-2.jpg\" alt=\"\" class=\"wp-image-9409\" width=\"315\" height=\"330\" srcset=\"https:\/\/diariotribuna.com.br\/wp-content\/uploads\/2021\/04\/unnamed-2.jpg 650w, https:\/\/diariotribuna.com.br\/wp-content\/uploads\/2021\/04\/unnamed-2-286x300.jpg 286w, https:\/\/diariotribuna.com.br\/wp-content\/uploads\/2021\/04\/unnamed-2-401x420.jpg 401w\" sizes=\"(max-width: 315px) 100vw, 315px\" \/><figcaption><strong>Juliana Lemes da Cruz<\/strong>.<br>Doutoranda em Pol\u00edtica Social \u2013 UFF.<br>Pesquisadora GEPAF\/UFVJM.<br>Coordenadora do Projeto MLV.<br>Contato: <a href=\"mailto:julianalemes@id.uff.br\">julianalemes@id.uff.br<\/a><\/figcaption><\/figure>\n\n\n\n<figure class=\"wp-block-image size-large is-resized\"><img loading=\"lazy\" decoding=\"async\" src=\"https:\/\/diariotribuna.com.br\/wp-content\/uploads\/2021\/04\/74799268-ec56-4534-954f-aeeb31bced4c.jpg\" alt=\"\" class=\"wp-image-9408\" width=\"467\" height=\"274\" srcset=\"https:\/\/diariotribuna.com.br\/wp-content\/uploads\/2021\/04\/74799268-ec56-4534-954f-aeeb31bced4c.jpg 640w, https:\/\/diariotribuna.com.br\/wp-content\/uploads\/2021\/04\/74799268-ec56-4534-954f-aeeb31bced4c-300x175.jpg 300w\" sizes=\"(max-width: 467px) 100vw, 467px\" \/><\/figure>\n\n\n\n<p>A confus\u00e3o coletiva de sentimentos torna-se percept\u00edvel diante das rea\u00e7\u00f5es inflamadas por parte de apoiadores de alguns pol\u00edticos. Ao passo que demonstra a paix\u00e3o por determinada figura, que representa uma ideia, por outro lado, diz muito da imaturidade pol\u00edtica dos indiv\u00edduos. A cren\u00e7a romantizada de que o escolhido mudar\u00e1 toda a realidade que j\u00e1 n\u00e3o lhe agrada, provoca falsas percep\u00e7\u00f5es. Trata-se da pot\u00eancia do imagin\u00e1rio de apoiadores que, sem perceberem, tornam-se f\u00e3s.<\/p>\n\n\n\n<p>F\u00e3s n\u00e3o contestam equ\u00edvocos de \u00eddolos. Eles buscam explic\u00e1-los. O f\u00e3, em regra, \u201cpassa pano\u201d e isso \u00e9 compreens\u00edvel. Ser f\u00e3 da Juliette do BBB 21, do Gabigol do Flamengo ou de um cantor de m\u00fasica sertaneja, talvez provoque defesas cegas e sem culpa. Trata-se de uma escolha individual, a partir da afinidade pessoal com o \u00eddolo. As a\u00e7\u00f5es desses \u00eddolos dificilmente comprometer\u00e3o o curso da vida coletiva ou mudar\u00e3o o sentido das coisas para as pessoas que n\u00e3o s\u00e3o seus f\u00e3s. Por isso, pol\u00edticos n\u00e3o devem ter f\u00e3s, mas, apoiadores. Todos aqueles que, por meio de suas a\u00e7\u00f5es, t\u00eam o poder de mudar a vida das pessoas, n\u00e3o devem ter f\u00e3s.<\/p>\n\n\n\n<p>A postura de f\u00e3 faz com que cometamos equ\u00edvocos e passemos do limite na defesa de nossas ideias. Apesar disso, sempre \u00e9 tempo de refletir sobre as pr\u00f3prias atitudes e reconhecer que o(a) candidato(a) eleito n\u00e3o est\u00e1 de acordo com o que voc\u00ea acredita. A autoriza\u00e7\u00e3o a si mesmo para reavaliar suas pr\u00f3prias decis\u00f5es, permite que nas\u00e7a um apoiador e morra um f\u00e3. Apoiadores conscientes sabem que t\u00eam o dever de contestar equ\u00edvocos, porque as a\u00e7\u00f5es do pol\u00edtico de sua prefer\u00eancia afetam diretamente, a todos (seja apoiador ou n\u00e3o). Contestar n\u00e3o significa a defesa do oposto. Que fique claro: essa dicotomia, que produz cren\u00e7as do tipo: &#8220;se n\u00e3o est\u00e1 conosco, est\u00e1 contra n\u00f3s&#8221;, macula a ideia de democracia, que tanto nos \u00e9 cara.<\/p>\n\n\n\n<p>Trata-se de responsabilidade para com o outro uma vez que, um apoiador consciente aplaude, mas tamb\u00e9m, questiona e cobra. Por mais que admire a figura pol\u00edtica que defende, \u00e9 vigilante e l\u00facido. Esse perfil de apoiador n\u00e3o contribui para que o pol\u00edtico escolhido acredite que pode fazer o que quiser da coisa p\u00fablica e do seu voto de confian\u00e7a. Mostra apoio, mas, nem tudo admite. Exerce, sem medo, seu direito de monitorar seu representante. F\u00e3s n\u00e3o fazem isso. F\u00e3s coadunam com quaisquer decis\u00f5es de seu \u00eddolo. Encontram explica\u00e7\u00f5es e as tornam verdadeiras.<\/p>\n\n\n\n<p>A irracionalidade do fanatismo pol\u00edtico mobiliza e atrai adeptos de dois tipos: os rom\u00e2nticos (que creem cegamente nas boas inten\u00e7\u00f5es) e os oportunistas (que buscam favorecimento pessoal com a ascens\u00e3o do \u00eddolo). Quantos fan\u00e1ticos voc\u00ea conhece? E de que tipo s\u00e3o? (Imagem: nanihumor.com).<\/p>\n","protected":false},"excerpt":{"rendered":"<p>A confus\u00e3o coletiva de sentimentos torna-se percept\u00edvel diante das rea\u00e7\u00f5es inflamadas por parte de apoiadores de alguns pol\u00edticos. Ao passo que demonstra a paix\u00e3o por determinada figura, que representa uma ideia, por outro lado, diz muito da imaturidade pol\u00edtica dos indiv\u00edduos. A cren\u00e7a romantizada de que o escolhido mudar\u00e1 toda a realidade que j\u00e1 n\u00e3o [&hellip;]<\/p>\n","protected":false},"author":1,"featured_media":9409,"comment_status":"open","ping_status":"open","sticky":false,"template":"","format":"standard","meta":{"rop_custom_images_group":[],"rop_custom_messages_group":[],"rop_publish_now":"initial","rop_publish_now_accounts":[],"rop_publish_now_history":[],"rop_publish_now_status":"pending","footnotes":""},"categories":[25,24],"tags":[42,2963,1194,2962,75],"class_list":["post-9407","post","type-post","status-publish","format-standard","has-post-thumbnail","hentry","category-destaque","category-opiniao","tag-diario-tribuna","tag-diferencas-entre-apoiadores-e-fas","tag-juliana-lemes","tag-para-nao-tratar-politicos-como-idolos","tag-teofilo-otoni"],"_links":{"self":[{"href":"https:\/\/diariotribuna.com.br\/index.php?rest_route=\/wp\/v2\/posts\/9407"}],"collection":[{"href":"https:\/\/diariotribuna.com.br\/index.php?rest_route=\/wp\/v2\/posts"}],"about":[{"href":"https:\/\/diariotribuna.com.br\/index.php?rest_route=\/wp\/v2\/types\/post"}],"author":[{"embeddable":true,"href":"https:\/\/diariotribuna.com.br\/index.php?rest_route=\/wp\/v2\/users\/1"}],"replies":[{"embeddable":true,"href":"https:\/\/diariotribuna.com.br\/index.php?rest_route=%2Fwp%2Fv2%2Fcomments&post=9407"}],"version-history":[{"count":1,"href":"https:\/\/diariotribuna.com.br\/index.php?rest_route=\/wp\/v2\/posts\/9407\/revisions"}],"predecessor-version":[{"id":9410,"href":"https:\/\/diariotribuna.com.br\/index.php?rest_route=\/wp\/v2\/posts\/9407\/revisions\/9410"}],"wp:featuredmedia":[{"embeddable":true,"href":"https:\/\/diariotribuna.com.br\/index.php?rest_route=\/wp\/v2\/media\/9409"}],"wp:attachment":[{"href":"https:\/\/diariotribuna.com.br\/index.php?rest_route=%2Fwp%2Fv2%2Fmedia&parent=9407"}],"wp:term":[{"taxonomy":"category","embeddable":true,"href":"https:\/\/diariotribuna.com.br\/index.php?rest_route=%2Fwp%2Fv2%2Fcategories&post=9407"},{"taxonomy":"post_tag","embeddable":true,"href":"https:\/\/diariotribuna.com.br\/index.php?rest_route=%2Fwp%2Fv2%2Ftags&post=9407"}],"curies":[{"name":"wp","href":"https:\/\/api.w.org\/{rel}","templated":true}]}}