{"id":9414,"date":"2021-04-20T09:37:38","date_gmt":"2021-04-20T12:37:38","guid":{"rendered":"https:\/\/diariotribuna.com.br\/?p=9414"},"modified":"2021-04-22T10:36:27","modified_gmt":"2021-04-22T13:36:27","slug":"diario-tribuna-20-de-abril-2021-teofilo-otoni-mg","status":"publish","type":"post","link":"https:\/\/diariotribuna.com.br\/?p=9414","title":{"rendered":"Di\u00e1rio Tribuna, 20 de Abril 2021, Te\u00f3filo Otoni &#8211; MG"},"content":{"rendered":"\n<figure class=\"wp-block-image size-large is-resized\"><img loading=\"lazy\" decoding=\"async\" src=\"https:\/\/diariotribuna.com.br\/wp-content\/uploads\/2021\/04\/348217d8-6b51-4202-9c06-9c7fb95b12c6.jpg\" alt=\"\" class=\"wp-image-9415\" width=\"393\" height=\"550\" srcset=\"https:\/\/diariotribuna.com.br\/wp-content\/uploads\/2021\/04\/348217d8-6b51-4202-9c06-9c7fb95b12c6.jpg 700w, https:\/\/diariotribuna.com.br\/wp-content\/uploads\/2021\/04\/348217d8-6b51-4202-9c06-9c7fb95b12c6-214x300.jpg 214w, https:\/\/diariotribuna.com.br\/wp-content\/uploads\/2021\/04\/348217d8-6b51-4202-9c06-9c7fb95b12c6-696x975.jpg 696w, https:\/\/diariotribuna.com.br\/wp-content\/uploads\/2021\/04\/348217d8-6b51-4202-9c06-9c7fb95b12c6-300x420.jpg 300w\" sizes=\"(max-width: 393px) 100vw, 393px\" \/><\/figure>\n\n\n\n<h4 class=\"wp-block-heading\"><strong><strong><span class=\"has-inline-color has-vivid-red-color\">Acesse o link abaixo e veja a edi\u00e7\u00e3o completa do Di\u00e1rio Tribuna desta Ter\u00e7a-feira (20\/04\/2021)<\/span><\/strong><\/strong><\/h4>\n\n\n\n<h3 class=\"wp-block-heading\"><a href=\"https:\/\/diariotribuna.com.br\/wp-content\/uploads\/2021\/04\/DIARIO-TRIBUNA-51-ANOS-20-ABRIL-2021.pdf\"><strong><span class=\"has-inline-color has-vivid-red-color\">https:\/\/diariotribuna.com.br\/wp-content\/uploads\/2021\/04\/DIARIO-TRIBUNA-51-ANOS-20-ABRIL-2021.pdf<\/span><\/strong><\/a><\/h3>\n","protected":false},"excerpt":{"rendered":"<p>Acesse o link abaixo e veja a edi\u00e7\u00e3o completa do Di\u00e1rio Tribuna desta Ter\u00e7a-feira (20\/04\/2021) https:\/\/diariotribuna.com.br\/wp-content\/uploads\/2021\/04\/DIARIO-TRIBUNA-51-ANOS-20-ABRIL-2021.pdf<\/p>\n","protected":false},"author":1,"featured_media":9415,"comment_status":"open","ping_status":"open","sticky":false,"template":"","format":"standard","meta":{"rop_custom_images_group":[],"rop_custom_messages_group":[],"rop_publish_now":"initial","rop_publish_now_accounts":[],"rop_publish_now_history":[],"rop_publish_now_status":"pending","footnotes":""},"categories":[17,23],"tags":[2966,42,1010,551,75,867],"class_list":["post-9414","post","type-post","status-publish","format-standard","has-post-thumbnail","hentry","category-teofilootoni","category-ultimaedicao","tag-20-04-21","tag-diario-tribuna","tag-nordeste-mineiro","tag-noticias","tag-teofilo-otoni","tag-vale-do-mucuri"],"_links":{"self":[{"href":"https:\/\/diariotribuna.com.br\/index.php?rest_route=\/wp\/v2\/posts\/9414"}],"collection":[{"href":"https:\/\/diariotribuna.com.br\/index.php?rest_route=\/wp\/v2\/posts"}],"about":[{"href":"https:\/\/diariotribuna.com.br\/index.php?rest_route=\/wp\/v2\/types\/post"}],"author":[{"embeddable":true,"href":"https:\/\/diariotribuna.com.br\/index.php?rest_route=\/wp\/v2\/users\/1"}],"replies":[{"embeddable":true,"href":"https:\/\/diariotribuna.com.br\/index.php?rest_route=%2Fwp%2Fv2%2Fcomments&post=9414"}],"version-history":[{"count":1,"href":"https:\/\/diariotribuna.com.br\/index.php?rest_route=\/wp\/v2\/posts\/9414\/revisions"}],"predecessor-version":[{"id":9417,"href":"https:\/\/diariotribuna.com.br\/index.php?rest_route=\/wp\/v2\/posts\/9414\/revisions\/9417"}],"wp:featuredmedia":[{"embeddable":true,"href":"https:\/\/diariotribuna.com.br\/index.php?rest_route=\/wp\/v2\/media\/9415"}],"wp:attachment":[{"href":"https:\/\/diariotribuna.com.br\/index.php?rest_route=%2Fwp%2Fv2%2Fmedia&parent=9414"}],"wp:term":[{"taxonomy":"category","embeddable":true,"href":"https:\/\/diariotribuna.com.br\/index.php?rest_route=%2Fwp%2Fv2%2Fcategories&post=9414"},{"taxonomy":"post_tag","embeddable":true,"href":"https:\/\/diariotribuna.com.br\/index.php?rest_route=%2Fwp%2Fv2%2Ftags&post=9414"}],"curies":[{"name":"wp","href":"https:\/\/api.w.org\/{rel}","templated":true}]}}