{"id":9426,"date":"2021-04-22T10:45:02","date_gmt":"2021-04-22T13:45:02","guid":{"rendered":"https:\/\/diariotribuna.com.br\/?p=9426"},"modified":"2021-04-23T14:16:02","modified_gmt":"2021-04-23T17:16:02","slug":"apac-de-teofilo-otoni-tem-nova-diretoria","status":"publish","type":"post","link":"https:\/\/diariotribuna.com.br\/?p=9426","title":{"rendered":"APAC de Te\u00f3filo Otoni tem nova diretoria"},"content":{"rendered":"\n<figure class=\"wp-block-image size-large is-resized\"><img loading=\"lazy\" decoding=\"async\" src=\"https:\/\/diariotribuna.com.br\/wp-content\/uploads\/2021\/04\/Presidente-Dr.-Allonso-Andrade.jpg\" alt=\"\" class=\"wp-image-9427\" width=\"459\" height=\"440\" srcset=\"https:\/\/diariotribuna.com.br\/wp-content\/uploads\/2021\/04\/Presidente-Dr.-Allonso-Andrade.jpg 650w, https:\/\/diariotribuna.com.br\/wp-content\/uploads\/2021\/04\/Presidente-Dr.-Allonso-Andrade-300x288.jpg 300w, https:\/\/diariotribuna.com.br\/wp-content\/uploads\/2021\/04\/Presidente-Dr.-Allonso-Andrade-438x420.jpg 438w\" sizes=\"(max-width: 459px) 100vw, 459px\" \/><figcaption>Presidente da APAC de Te\u00f3filo Otoni, dr. Allonso Andrade<\/figcaption><\/figure>\n\n\n\n<figure class=\"wp-block-image size-large is-resized\"><img loading=\"lazy\" decoding=\"async\" src=\"https:\/\/diariotribuna.com.br\/wp-content\/uploads\/2021\/04\/Diretoria-e-servidores-da-APAC-no-dia-da-posse.jpg\" alt=\"\" class=\"wp-image-9428\" width=\"533\" height=\"295\" srcset=\"https:\/\/diariotribuna.com.br\/wp-content\/uploads\/2021\/04\/Diretoria-e-servidores-da-APAC-no-dia-da-posse.jpg 700w, https:\/\/diariotribuna.com.br\/wp-content\/uploads\/2021\/04\/Diretoria-e-servidores-da-APAC-no-dia-da-posse-300x166.jpg 300w, https:\/\/diariotribuna.com.br\/wp-content\/uploads\/2021\/04\/Diretoria-e-servidores-da-APAC-no-dia-da-posse-696x385.jpg 696w\" sizes=\"(max-width: 533px) 100vw, 533px\" \/><figcaption><strong>Diretoria e servidores da APAC de Te\u00f3filo Otoni no dia da posse<\/strong><\/figcaption><\/figure>\n\n\n\n<p>A nova diretoria da Associa\u00e7\u00e3o de Prote\u00e7\u00e3o e Assist\u00eancia aos Condenados (APAC) de Te\u00f3filo Otoni, composta pelo presidente, o advogado Allonso Andrade, vice-presidente o padre Devanil Soares, diretora jur\u00eddica, a advogada Fabiana Dourado Carvalho Lorentz e diretor de metodologia Daniel Ferreira, foi empossada em 05 de abril do corrente ano.<\/p>\n\n\n\n<p>O principal objetivo desta diretoria \u00e9 finalizar e inaugurar a obra do novo anexo da unidade destinada ao cumprimento de pena privativa de liberdade, atualmente em constru\u00e7\u00e3o no Bairro Taquara, em Te\u00f3filo Otoni\/MG, com capacidade para 158 vagas destinadas aos reeducandos.<\/p>\n\n\n\n<p>A dire\u00e7\u00e3o destaca que, a Associa\u00e7\u00e3o de Prote\u00e7\u00e3o e Assist\u00eancia aos Condenados (APAC) \u00e9 uma organiza\u00e7\u00e3o da sociedade civil, sem fins lucrativos, cuja finalidade \u00e9 recuperar o preso, proteger a sociedade, socorrer as v\u00edtimas e promover a justi\u00e7a restaurativa.<\/p>\n\n\n\n<p>A sigla APAC tamb\u00e9m faz refer\u00eancia a uma metodologia pr\u00f3pria composta de 12 elementos fundamentais que buscam atender integralmente \u00e0s necessidades dos recuperandos(as), pessoas que cumprem pena privativa de liberdade no estabelecimento, os quais, dentro da proposta apaqueana, s\u00e3o correspons\u00e1veis por sua recupera\u00e7\u00e3o e reintegra\u00e7\u00e3o social.<\/p>\n\n\n\n<p>Dentre os indicadores de sucesso da metodologia, dois se destacam: a taxa de reincid\u00eancia abaixo de 15% e o custo per capita de 1\/3 em compara\u00e7\u00e3o com a pessoa privada de liberdade no sistema prisional comum.<\/p>\n\n\n\n<p>\u201cEsclarece-se que, ainda que equivocadamente veiculado, a APAC n\u00e3o \u00e9 uma pris\u00e3o privada, tampouco se apresenta como solu\u00e7\u00e3o pronta e acabada e muito menos se prop\u00f5e a substituir o sistema prisional convencional. Trata-se de um modelo alternativo, vi\u00e1vel, em constante evolu\u00e7\u00e3o, capaz de amenizar o grave problema penitenci\u00e1rio, descentralizar o cumprimento de pena e humanizar as pris\u00f5es\u201d, explica o diretor, dr. Allonso Andrade.<\/p>\n\n\n\n<p>Presente em 23 pa\u00edses, no Brasil com mais de 120 unidades, e, em especial, no estado de Minas Gerais com aproximadamente 35 em regular funcionamento, outras constru\u00eddas a serem inauguradas, as APACs, vem se expandindo a cada dia com significativa aprova\u00e7\u00e3o por sua eficaz metodologia.<\/p>\n","protected":false},"excerpt":{"rendered":"<p>A nova diretoria da Associa\u00e7\u00e3o de Prote\u00e7\u00e3o e Assist\u00eancia aos Condenados (APAC) de Te\u00f3filo Otoni, composta pelo presidente, o advogado Allonso Andrade, vice-presidente o padre Devanil Soares, diretora jur\u00eddica, a advogada Fabiana Dourado Carvalho Lorentz e diretor de metodologia Daniel Ferreira, foi empossada em 05 de abril do corrente ano. O principal objetivo desta diretoria [&hellip;]<\/p>\n","protected":false},"author":1,"featured_media":9428,"comment_status":"open","ping_status":"open","sticky":false,"template":"","format":"standard","meta":{"rop_custom_images_group":[],"rop_custom_messages_group":[],"rop_publish_now":"initial","rop_publish_now_accounts":[],"rop_publish_now_history":[],"rop_publish_now_status":"pending","footnotes":""},"categories":[17],"tags":[2974,2973,2706,75],"class_list":["post-9426","post","type-post","status-publish","format-standard","has-post-thumbnail","hentry","category-teofilootoni","tag-allonso-andrade-presidente","tag-apac","tag-nova-diretoria","tag-teofilo-otoni"],"_links":{"self":[{"href":"https:\/\/diariotribuna.com.br\/index.php?rest_route=\/wp\/v2\/posts\/9426"}],"collection":[{"href":"https:\/\/diariotribuna.com.br\/index.php?rest_route=\/wp\/v2\/posts"}],"about":[{"href":"https:\/\/diariotribuna.com.br\/index.php?rest_route=\/wp\/v2\/types\/post"}],"author":[{"embeddable":true,"href":"https:\/\/diariotribuna.com.br\/index.php?rest_route=\/wp\/v2\/users\/1"}],"replies":[{"embeddable":true,"href":"https:\/\/diariotribuna.com.br\/index.php?rest_route=%2Fwp%2Fv2%2Fcomments&post=9426"}],"version-history":[{"count":1,"href":"https:\/\/diariotribuna.com.br\/index.php?rest_route=\/wp\/v2\/posts\/9426\/revisions"}],"predecessor-version":[{"id":9429,"href":"https:\/\/diariotribuna.com.br\/index.php?rest_route=\/wp\/v2\/posts\/9426\/revisions\/9429"}],"wp:featuredmedia":[{"embeddable":true,"href":"https:\/\/diariotribuna.com.br\/index.php?rest_route=\/wp\/v2\/media\/9428"}],"wp:attachment":[{"href":"https:\/\/diariotribuna.com.br\/index.php?rest_route=%2Fwp%2Fv2%2Fmedia&parent=9426"}],"wp:term":[{"taxonomy":"category","embeddable":true,"href":"https:\/\/diariotribuna.com.br\/index.php?rest_route=%2Fwp%2Fv2%2Fcategories&post=9426"},{"taxonomy":"post_tag","embeddable":true,"href":"https:\/\/diariotribuna.com.br\/index.php?rest_route=%2Fwp%2Fv2%2Ftags&post=9426"}],"curies":[{"name":"wp","href":"https:\/\/api.w.org\/{rel}","templated":true}]}}