{"id":9431,"date":"2021-04-22T11:59:40","date_gmt":"2021-04-22T14:59:40","guid":{"rendered":"https:\/\/diariotribuna.com.br\/?p=9431"},"modified":"2021-04-23T02:55:53","modified_gmt":"2021-04-23T05:55:53","slug":"policia-civil-prende-um-dos-autores-de-roubo-contra-familia-que-viajava-pela-br-116","status":"publish","type":"post","link":"https:\/\/diariotribuna.com.br\/?p=9431","title":{"rendered":"Pol\u00edcia Civil prende um dos autores de roubo contra fam\u00edlia que viajava pela BR-116"},"content":{"rendered":"\n<p><strong><strong><strong>Pol\u00edcia Civil concluiu investiga\u00e7\u00e3o de roubo praticado contra fam\u00edlia que viajava na BR-116 em Medina e prendeu autor no povoado &#8220;Cariri&#8221; em Cacheira de Paje\u00fa<\/strong><\/strong><\/strong><\/p>\n\n\n\n<figure class=\"wp-block-image size-large is-resized\"><img loading=\"lazy\" decoding=\"async\" src=\"https:\/\/diariotribuna.com.br\/wp-content\/uploads\/2021\/04\/04d9decc-a33c-45d0-b91c-7fa97d73c131.jpg\" alt=\"\" class=\"wp-image-9432\" width=\"554\" height=\"317\" srcset=\"https:\/\/diariotribuna.com.br\/wp-content\/uploads\/2021\/04\/04d9decc-a33c-45d0-b91c-7fa97d73c131.jpg 700w, https:\/\/diariotribuna.com.br\/wp-content\/uploads\/2021\/04\/04d9decc-a33c-45d0-b91c-7fa97d73c131-300x172.jpg 300w, https:\/\/diariotribuna.com.br\/wp-content\/uploads\/2021\/04\/04d9decc-a33c-45d0-b91c-7fa97d73c131-696x399.jpg 696w\" sizes=\"(max-width: 554px) 100vw, 554px\" \/><\/figure>\n\n\n\n<p>A Pol\u00edcia Civil de Minas Gerais, por meio da Delegacia de Medina, prendeu na ter\u00e7a- -feira (20\/04), um homem de 19 anos, em cumprimento a mandado de pris\u00e3o preventiva no Povoado Tancredo Neves, popularmente conhecido como &#8220;Cariri&#8221;, no munic\u00edpio de Cachoeira de Paje\u00fa, na regi\u00e3o do Jequitinhonha.<\/p>\n\n\n\n<p>Segundo a PC, o crime ocorreu em 26\/12\/19, por volta das 18h15. Uma fam\u00edlia que estava em viagem em Minas Gerais e retornava para o Estado do Cear\u00e1, ao fazer uma parada \u00e0s margens da rodovia BR-116, na altura do km 57, que fica entre os munic\u00edpios de Medina e Pedra Azul, foi rendida por tr\u00eas indiv\u00edduos que estavam em um ve\u00edculo GM\/Monza, que com armas de fogo em punho anunciaram o roubo.<\/p>\n\n\n\n<p>Os assaltantes subtra\u00edram o ve\u00edculo da fam\u00edlia, uma caminhonete Ford\/Ranger, al\u00e9m de dinheiro, aparelhos celulares, bagagens e outros pertences, fugindo no sentido decrescente da rodovia. No dia seguinte ao roubo, a fam\u00edlia compareceu na delegacia de Pol\u00edcia Civil em Medina, onde foi acolhida pela PCMG e registrada a ocorr\u00eancia.<\/p>\n\n\n\n<p>\u201cO inqu\u00e9rito policial foi instaurado para apura\u00e7\u00e3o dos fatos e, com o trabalho investigativo, a PCMG identificou os autores, os quais pertenciam a uma associa\u00e7\u00e3o criminosa que vinha praticando v\u00e1rios roubos contra caminhoneiros na regi\u00e3o do Povoado &#8220;Cariri&#8221;, local em que h\u00e1 o entroncamento das rodovias BR-116 e BR-251, com fluxo intenso de ve\u00edculos\u201d, informou o delegado de pol\u00edcia, dr. Thiago de Carvalho Passos.<\/p>\n\n\n\n<p>O delegado informou ainda que em 07\/05\/20, a PC deflagrou uma opera\u00e7\u00e3o em conjunto com a Pol\u00edcia Militar para cumprimento de mandados de busca e apreens\u00e3o nas casas dos investigados e de outros envolvidos, conseguindo recuperar parte dos pertences das v\u00edtimas, notadamente os tr\u00eas aparelhos celulares subtra\u00eddos, uma c\u00e2mera fotogr\u00e1fica e tr\u00eas selas de montaria.<\/p>\n\n\n\n<p>Nas investiga\u00e7\u00f5es foi apurado ainda que o ve\u00edculo roubado foi vendido em uma cidade na regi\u00e3o oeste do Estado da Bahia, mas at\u00e9 o momento, apesar dos esfor\u00e7os empreendidos, n\u00e3o foi localizado. Com a conclus\u00e3o do inqu\u00e9rito policial, os investigados foram indiciados pela pr\u00e1tica dos crimes de roubo, associa\u00e7\u00e3o criminosa e corrup\u00e7\u00e3o de menor, tendo em vista que praticaram o crime na companhia de um adolescente.<\/p>\n\n\n\n<p>A Pol\u00edcia Civil representou, ainda, pela decreta\u00e7\u00e3o da pris\u00e3o preventiva dos indiciados, que foi deferida pelo Ju\u00edzo da Comarca de Medina, ap\u00f3s manifesta\u00e7\u00e3o favor\u00e1vel do Minist\u00e9rio P\u00fablico, sendo cumprido nesta data o mandado judicial contra um dos autores. O preso foi encaminhado ao pres\u00eddio de Itaobim, onde ficar\u00e1 \u00e0 disposi\u00e7\u00e3o da justi\u00e7a. \u201cOs procedimentos que apuram a conduta do adolescente e dos receptadores ser\u00e3o conclu\u00eddos e remetidos \u00e0 Justi\u00e7a nos pr\u00f3ximos dias\u201d, disse o delegado. (Informa\u00e7\u00f5es\/Fotos: PCMG\/ Dr. Thiago Passos).<\/p>\n\n\n\n<figure class=\"wp-block-gallery columns-2 is-cropped wp-block-gallery-1 is-layout-flex wp-block-gallery-is-layout-flex\"><ul class=\"blocks-gallery-grid\"><li class=\"blocks-gallery-item\"><figure><img loading=\"lazy\" decoding=\"async\" width=\"700\" height=\"393\" src=\"https:\/\/diariotribuna.com.br\/wp-content\/uploads\/2021\/04\/3b1afa34-3c0c-4953-9aa7-da2b2a439371.jpg\" alt=\"\" data-id=\"9434\" data-link=\"https:\/\/diariotribuna.com.br\/?attachment_id=9434\" class=\"wp-image-9434\" srcset=\"https:\/\/diariotribuna.com.br\/wp-content\/uploads\/2021\/04\/3b1afa34-3c0c-4953-9aa7-da2b2a439371.jpg 700w, https:\/\/diariotribuna.com.br\/wp-content\/uploads\/2021\/04\/3b1afa34-3c0c-4953-9aa7-da2b2a439371-300x168.jpg 300w, https:\/\/diariotribuna.com.br\/wp-content\/uploads\/2021\/04\/3b1afa34-3c0c-4953-9aa7-da2b2a439371-696x391.jpg 696w\" sizes=\"(max-width: 700px) 100vw, 700px\" \/><\/figure><\/li><li class=\"blocks-gallery-item\"><figure><img loading=\"lazy\" decoding=\"async\" width=\"700\" height=\"499\" src=\"https:\/\/diariotribuna.com.br\/wp-content\/uploads\/2021\/04\/cd2c6478-34d4-4669-974a-70fe7f51cba3.jpg\" alt=\"\" data-id=\"9435\" data-full-url=\"https:\/\/diariotribuna.com.br\/wp-content\/uploads\/2021\/04\/cd2c6478-34d4-4669-974a-70fe7f51cba3.jpg\" data-link=\"https:\/\/diariotribuna.com.br\/?attachment_id=9435\" class=\"wp-image-9435\" srcset=\"https:\/\/diariotribuna.com.br\/wp-content\/uploads\/2021\/04\/cd2c6478-34d4-4669-974a-70fe7f51cba3.jpg 700w, https:\/\/diariotribuna.com.br\/wp-content\/uploads\/2021\/04\/cd2c6478-34d4-4669-974a-70fe7f51cba3-300x214.jpg 300w, https:\/\/diariotribuna.com.br\/wp-content\/uploads\/2021\/04\/cd2c6478-34d4-4669-974a-70fe7f51cba3-100x70.jpg 100w, https:\/\/diariotribuna.com.br\/wp-content\/uploads\/2021\/04\/cd2c6478-34d4-4669-974a-70fe7f51cba3-696x496.jpg 696w, https:\/\/diariotribuna.com.br\/wp-content\/uploads\/2021\/04\/cd2c6478-34d4-4669-974a-70fe7f51cba3-589x420.jpg 589w\" sizes=\"(max-width: 700px) 100vw, 700px\" \/><\/figure><\/li><\/ul><\/figure>\n","protected":false},"excerpt":{"rendered":"<p>Pol\u00edcia Civil concluiu investiga\u00e7\u00e3o de roubo praticado contra fam\u00edlia que viajava na BR-116 em Medina e prendeu autor no povoado &#8220;Cariri&#8221; em Cacheira de Paje\u00fa A Pol\u00edcia Civil de Minas Gerais, por meio da Delegacia de Medina, prendeu na ter\u00e7a- -feira (20\/04), um homem de 19 anos, em cumprimento a mandado de pris\u00e3o preventiva no [&hellip;]<\/p>\n","protected":false},"author":1,"featured_media":9432,"comment_status":"open","ping_status":"open","sticky":false,"template":"","format":"standard","meta":{"rop_custom_images_group":[],"rop_custom_messages_group":[],"rop_publish_now":"initial","rop_publish_now_accounts":[],"rop_publish_now_history":[],"rop_publish_now_status":"pending","footnotes":""},"categories":[20],"tags":[2975,415,1920,79,292],"class_list":["post-9431","post","type-post","status-publish","format-standard","has-post-thumbnail","hentry","category-policia","tag-assalto","tag-br-116","tag-cachoeira-de-pajeu","tag-medina","tag-policia-civil"],"_links":{"self":[{"href":"https:\/\/diariotribuna.com.br\/index.php?rest_route=\/wp\/v2\/posts\/9431"}],"collection":[{"href":"https:\/\/diariotribuna.com.br\/index.php?rest_route=\/wp\/v2\/posts"}],"about":[{"href":"https:\/\/diariotribuna.com.br\/index.php?rest_route=\/wp\/v2\/types\/post"}],"author":[{"embeddable":true,"href":"https:\/\/diariotribuna.com.br\/index.php?rest_route=\/wp\/v2\/users\/1"}],"replies":[{"embeddable":true,"href":"https:\/\/diariotribuna.com.br\/index.php?rest_route=%2Fwp%2Fv2%2Fcomments&post=9431"}],"version-history":[{"count":1,"href":"https:\/\/diariotribuna.com.br\/index.php?rest_route=\/wp\/v2\/posts\/9431\/revisions"}],"predecessor-version":[{"id":9436,"href":"https:\/\/diariotribuna.com.br\/index.php?rest_route=\/wp\/v2\/posts\/9431\/revisions\/9436"}],"wp:featuredmedia":[{"embeddable":true,"href":"https:\/\/diariotribuna.com.br\/index.php?rest_route=\/wp\/v2\/media\/9432"}],"wp:attachment":[{"href":"https:\/\/diariotribuna.com.br\/index.php?rest_route=%2Fwp%2Fv2%2Fmedia&parent=9431"}],"wp:term":[{"taxonomy":"category","embeddable":true,"href":"https:\/\/diariotribuna.com.br\/index.php?rest_route=%2Fwp%2Fv2%2Fcategories&post=9431"},{"taxonomy":"post_tag","embeddable":true,"href":"https:\/\/diariotribuna.com.br\/index.php?rest_route=%2Fwp%2Fv2%2Ftags&post=9431"}],"curies":[{"name":"wp","href":"https:\/\/api.w.org\/{rel}","templated":true}]}}