{"id":9437,"date":"2021-04-22T12:07:29","date_gmt":"2021-04-22T15:07:29","guid":{"rendered":"https:\/\/diariotribuna.com.br\/?p=9437"},"modified":"2021-04-22T12:08:08","modified_gmt":"2021-04-22T15:08:08","slug":"policia-civil-prende-policial-militar-por-feminicidio-ocorrido-na-cidade-de-divisa-alegre","status":"publish","type":"post","link":"https:\/\/diariotribuna.com.br\/?p=9437","title":{"rendered":"Pol\u00edcia Civil prende policial militar por feminic\u00eddio ocorrido na cidade de Divisa Alegre"},"content":{"rendered":"\n<figure class=\"wp-block-image size-large is-resized\"><img loading=\"lazy\" decoding=\"async\" src=\"https:\/\/diariotribuna.com.br\/wp-content\/uploads\/2021\/04\/78fc98de-56d2-420f-91b4-0755ebe5962b.jpg\" alt=\"\" class=\"wp-image-9438\" width=\"360\" height=\"457\" srcset=\"https:\/\/diariotribuna.com.br\/wp-content\/uploads\/2021\/04\/78fc98de-56d2-420f-91b4-0755ebe5962b.jpg 700w, https:\/\/diariotribuna.com.br\/wp-content\/uploads\/2021\/04\/78fc98de-56d2-420f-91b4-0755ebe5962b-236x300.jpg 236w, https:\/\/diariotribuna.com.br\/wp-content\/uploads\/2021\/04\/78fc98de-56d2-420f-91b4-0755ebe5962b-696x883.jpg 696w, https:\/\/diariotribuna.com.br\/wp-content\/uploads\/2021\/04\/78fc98de-56d2-420f-91b4-0755ebe5962b-331x420.jpg 331w\" sizes=\"(max-width: 360px) 100vw, 360px\" \/><figcaption><strong>A v\u00edtima Ana Lu\u00edza Souto Dompsin<\/strong><\/figcaption><\/figure>\n\n\n\n<p>A Pol\u00edcia Civil de Minas Gerais, por meio da 2\u00aa Delegacia Regional de Pedra Azul, cumpriu mandado de pris\u00e3o preventiva em C\u00e2ndido Sales\/BA, na quinta-feira (15\/04\/21), contra o investigado que \u00e9 policial militar na Bahia, em inqu\u00e9rito policial que apura a morte de Ana Lu\u00edza Souto Dompsin, ocorrida em Divisa Alegre, no Vale do Jequitinhonha.<\/p>\n\n\n\n<p>Segundo a PC o crime ocorreu na madrugada do dia 23\/03\/21, e no primeiro momento foi tratado como suic\u00eddio, mas as linhas investigativas tomaram outra dire\u00e7\u00e3o ap\u00f3s a an\u00e1lise dos laudos t\u00e9cnicos (Per\u00edcia criminal e Instituto M\u00e9dico Legal) e das oitivas realizadas. Ana Lu\u00edza foi encontrada morta, e seu namorado, o investigado, sentado no sof\u00e1 em frente ao corpo da v\u00edtima quando da chegada da per\u00edcia t\u00e9cnica.<\/p>\n\n\n\n<p>\u201cO corpo de Ana Lu\u00edza foi encaminhado ao IML para realiza\u00e7\u00e3o dos exames de necropsia. A PCMG, ap\u00f3s a an\u00e1lise do conjunto probat\u00f3rio, representou pela decreta\u00e7\u00e3o da pris\u00e3o preventiva do investigado no dia 05\/04\/21, que foi deferida posteriormente pelo Ju\u00edzo da Comarca de Pedra Azul, ap\u00f3s manifesta\u00e7\u00e3o favor\u00e1vel do Minist\u00e9rio P\u00fablico. As dilig\u00eancias continuam para conclus\u00e3o do inqu\u00e9rito policial\u201d, disse a PCMG em nota \u00e0 imprensa.<\/p>\n\n\n\n<p>A PCMG ressalta todo o apoio prestado pela Pol\u00edcia Militar da Bahia durante toda a investiga\u00e7\u00e3o, bem como no cumprimento do mandado de pris\u00e3o. O investigado foi encaminhado para cust\u00f3dia no Batalh\u00e3o de Choque da PMBA na cidade de Salvador, ficando a disposi\u00e7\u00e3o da justi\u00e7a.<\/p>\n\n\n\n<p><strong>Equipe \u2013 Delegada<\/strong>: dra. Maria Aparecida Motta Martins. <strong>Investigadores:<\/strong> Alo\u00edsio Carlos S. Brito, Luciana B. Porto, Hudson F. S. Brito, Thalita Dayana M. Oliveira, Lincon M. Oliveira (Delegacia de Jacinto\/ MG). <strong>Escriv\u00e3es:<\/strong> N\u00e9lio S. Silva e Marc\u00edlio R. Neves. <strong>Perito Criminal<\/strong>: Carlos Eduardo B. Barbosa. <strong>M\u00e9dico Legista<\/strong>: Rafael Otto, do IML de Almenara. (Informa\u00e7\u00f5es\/Foto: Assessoria de comunica\u00e7\u00e3o da PCMG\/ Te\u00f3filo Otoni).<\/p>\n","protected":false},"excerpt":{"rendered":"<p>A Pol\u00edcia Civil de Minas Gerais, por meio da 2\u00aa Delegacia Regional de Pedra Azul, cumpriu mandado de pris\u00e3o preventiva em C\u00e2ndido Sales\/BA, na quinta-feira (15\/04\/21), contra o investigado que \u00e9 policial militar na Bahia, em inqu\u00e9rito policial que apura a morte de Ana Lu\u00edza Souto Dompsin, ocorrida em Divisa Alegre, no Vale do Jequitinhonha. [&hellip;]<\/p>\n","protected":false},"author":1,"featured_media":9438,"comment_status":"open","ping_status":"open","sticky":false,"template":"","format":"standard","meta":{"rop_custom_images_group":[],"rop_custom_messages_group":[],"rop_publish_now":"initial","rop_publish_now_accounts":[],"rop_publish_now_history":[],"rop_publish_now_status":"pending","footnotes":""},"categories":[20],"tags":[2978,2977,479,2979,292,2976],"class_list":["post-9437","post","type-post","status-publish","format-standard","has-post-thumbnail","hentry","category-policia","tag-candido-sales-ba","tag-divisa-alegre","tag-feminicidio","tag-morte-de-ana-luiza-dompsin","tag-policia-civil","tag-policial-militar-preso"],"_links":{"self":[{"href":"https:\/\/diariotribuna.com.br\/index.php?rest_route=\/wp\/v2\/posts\/9437"}],"collection":[{"href":"https:\/\/diariotribuna.com.br\/index.php?rest_route=\/wp\/v2\/posts"}],"about":[{"href":"https:\/\/diariotribuna.com.br\/index.php?rest_route=\/wp\/v2\/types\/post"}],"author":[{"embeddable":true,"href":"https:\/\/diariotribuna.com.br\/index.php?rest_route=\/wp\/v2\/users\/1"}],"replies":[{"embeddable":true,"href":"https:\/\/diariotribuna.com.br\/index.php?rest_route=%2Fwp%2Fv2%2Fcomments&post=9437"}],"version-history":[{"count":2,"href":"https:\/\/diariotribuna.com.br\/index.php?rest_route=\/wp\/v2\/posts\/9437\/revisions"}],"predecessor-version":[{"id":9440,"href":"https:\/\/diariotribuna.com.br\/index.php?rest_route=\/wp\/v2\/posts\/9437\/revisions\/9440"}],"wp:featuredmedia":[{"embeddable":true,"href":"https:\/\/diariotribuna.com.br\/index.php?rest_route=\/wp\/v2\/media\/9438"}],"wp:attachment":[{"href":"https:\/\/diariotribuna.com.br\/index.php?rest_route=%2Fwp%2Fv2%2Fmedia&parent=9437"}],"wp:term":[{"taxonomy":"category","embeddable":true,"href":"https:\/\/diariotribuna.com.br\/index.php?rest_route=%2Fwp%2Fv2%2Fcategories&post=9437"},{"taxonomy":"post_tag","embeddable":true,"href":"https:\/\/diariotribuna.com.br\/index.php?rest_route=%2Fwp%2Fv2%2Ftags&post=9437"}],"curies":[{"name":"wp","href":"https:\/\/api.w.org\/{rel}","templated":true}]}}