{"id":9441,"date":"2021-04-22T13:21:38","date_gmt":"2021-04-22T16:21:38","guid":{"rendered":"https:\/\/diariotribuna.com.br\/?p=9441"},"modified":"2021-04-23T02:06:02","modified_gmt":"2021-04-23T05:06:02","slug":"seguranca-publica-lanca-lista-dos-21-criminosos-mais-procurados-de-minas","status":"publish","type":"post","link":"https:\/\/diariotribuna.com.br\/?p=9441","title":{"rendered":"Seguran\u00e7a P\u00fablica lan\u00e7a lista dos 21 criminosos mais procurados de Minas"},"content":{"rendered":"\n<figure class=\"wp-block-image size-large is-resized\"><img loading=\"lazy\" decoding=\"async\" src=\"https:\/\/diariotribuna.com.br\/wp-content\/uploads\/2021\/04\/111618947557.png\" alt=\"\" class=\"wp-image-9442\" width=\"627\" height=\"319\" srcset=\"https:\/\/diariotribuna.com.br\/wp-content\/uploads\/2021\/04\/111618947557.png 700w, https:\/\/diariotribuna.com.br\/wp-content\/uploads\/2021\/04\/111618947557-300x153.png 300w, https:\/\/diariotribuna.com.br\/wp-content\/uploads\/2021\/04\/111618947557-696x354.png 696w\" sizes=\"(max-width: 627px) 100vw, 627px\" \/><\/figure>\n\n\n\n<p>Vinte e um alvos considerados priorit\u00e1rios para o sistema de Seguran\u00e7a P\u00fablica de Minas foram inclu\u00eddos na lista da quarta edi\u00e7\u00e3o do programa Procura-se, lan\u00e7ada nesta quinta-feira, 22 de abril de 2021. O projeto busca a pris\u00e3o de indiv\u00edduos foragidos da Justi\u00e7a, com mandados de pris\u00e3o em aberto, a partir da qualifica\u00e7\u00e3o das a\u00e7\u00f5es das pol\u00edcias e das intelig\u00eancias por meio de den\u00fancias ao 181 Disque Den\u00fancia.<\/p>\n\n\n\n<p>O Procura-se \u00e9 coordenado pela Secretaria de Estado de Justi\u00e7a e Seguran\u00e7a P\u00fablica e tem a parceria da Pol\u00edcia Militar, Pol\u00edcia Civil, Corpo de Bombeiros Militar, Pol\u00edcia Rodovi\u00e1ria Federal, Pol\u00edcia Federal e Minist\u00e9rio P\u00fablico do Estado.<\/p>\n\n\n\n<p>Os 21 alvos desta edi\u00e7\u00e3o do programa de 2021 foram escolhidos por todas as institui\u00e7\u00f5es considerando a pr\u00e1tica reiterada de crimes graves, como homic\u00eddio, roubo e tr\u00e1fico de drogas. Parte dos indiv\u00edduos listados tamb\u00e9m possui rela\u00e7\u00e3o com explos\u00f5es de caixas eletr\u00f4nicos no Estado, al\u00e9m de assaltos armados a bancos &#8211; pr\u00e1tica denominada \u201cNovo Canga\u00e7o\u201d.<\/p>\n\n\n\n<p>Al\u00e9m da pris\u00e3o, a divulga\u00e7\u00e3o dos 21 procurados tamb\u00e9m traz o benef\u00edcio de inibir a circula\u00e7\u00e3o dos criminosos listados. Nas tr\u00eas edi\u00e7\u00f5es anteriores do Procura-se, em 2011, 2012 e 2017, foram presos 29 de 41 alvos, com a ajuda da popula\u00e7\u00e3o por meio de den\u00fancias ao 181.<\/p>\n\n\n\n<p><strong>181 Disque Den\u00fancia &#8211;<\/strong> Ao ligar gratuitamente para o 181 Disque Den\u00fancia para dar informa\u00e7\u00f5es sobre um dos procurados, o cidad\u00e3o tem seu sigilo e anonimato garantidos. Ele poder\u00e1 fornecer detalhes sobre onde atuam, carro e \u00f4nibus que utilizam, quem s\u00e3o seus comparsas, quais s\u00e3o seus hor\u00e1rios, onde foram vistos, ou qualquer outro detalhe que possa contribuir com o trabalho das for\u00e7as de seguran\u00e7a.<\/p>\n\n\n\n<p>Vale ressaltar que em 13 anos de atua\u00e7\u00e3o o Disque Den\u00fancia, com a ajuda da popula\u00e7\u00e3o, j\u00e1 contribuiu com a pris\u00e3o e apreens\u00e3o de mais de 243 mil pessoas, apreens\u00e3o de 47,4 toneladas de drogas e com a retirada de circula\u00e7\u00e3o de quase 27 mil armas de fogo.<\/p>\n\n\n\n<p><strong>Divulga\u00e7\u00e3o dos alvos &#8211;<\/strong> A divulga\u00e7\u00e3o dos procurados acontece a partir desta quinta-feira (22\/04), em todos os 853 munic\u00edpios do Estado. Cartazes ser\u00e3o espalhados com as fotos dos procurados em locais de grande circula\u00e7\u00e3o de pessoas ou que foram reconhecidos como estrat\u00e9gicos pelas pol\u00edcias. Todos possuem QR Code para acesso \u00e0 lista de todos os procurados e outros detalhamentos por meio de smartphones. O Centro Integrado de Comando e Controle Nacional tamb\u00e9m difundir\u00e1 as informa\u00e7\u00f5es dos foragidos para todos os Estados, ampliando a comunica\u00e7\u00e3o nacional sobre os alvos priorit\u00e1rios.<\/p>\n\n\n\n<p>O cidad\u00e3o tamb\u00e9m pode acessar um hotsite disponibilizado para a campanha, por meio do endere\u00e7o procurase.seguranca.mg.gov.br (sem o www). No endere\u00e7o eletr\u00f4nico, encontrar\u00e1 a foto de todos os 21 procurados, com detalhamentos sobre atua\u00e7\u00e3o do criminoso, regi\u00e3o onde pratica a maioria dos crimes, idade, apelidos, mandados de pris\u00e3o em aberto etc.<\/p>\n\n\n\n<p>As redes sociais tamb\u00e9m ser\u00e3o amplamente utilizadas. Pe\u00e7as para aplicativos e m\u00eddias sociais como WhatsApp e Facebook foram produzidas para ampliar o alcance das divulga\u00e7\u00f5es das fotos e informa\u00e7\u00f5es. (<strong><a href=\"http:\/\/procurase.seguranca.mg.gov.br\/\">http:\/\/procurase.seguranca.mg.gov.br<\/a><\/strong>)<\/p>\n\n\n\n<h3 class=\"wp-block-heading\"><strong><span class=\"has-inline-color has-vivid-red-color\">Veja quem s\u00e3o os 21 criminosos mais procurados de Minas Gerais<\/span><\/strong><\/h3>\n\n\n\n<figure class=\"wp-block-image size-large is-resized\"><img loading=\"lazy\" decoding=\"async\" src=\"https:\/\/diariotribuna.com.br\/wp-content\/uploads\/2021\/04\/1-Dalmo-1.png\" alt=\"\" class=\"wp-image-9451\" width=\"281\" height=\"381\"\/><\/figure>\n\n\n\n<p><strong>Dalmo Gomes dos Santos,<\/strong> <strong>39 anos.<\/strong> \u201cNatural de Contagem (MG), \u00e9 um dos l\u00edderes do tr\u00e1fico de drogas na Grande BH, com atua\u00e7\u00e3o violenta. Possui liga\u00e7\u00e3o com o PCC e com narcotraficantes paraguaios. \u00c9 poss\u00edvel que esteja foragido no exterior e que tenha realizado cirurgias pl\u00e1sticas para mudar a fisionomia\u201d.<\/p>\n\n\n\n<figure class=\"wp-block-image size-large is-resized\"><img loading=\"lazy\" decoding=\"async\" src=\"https:\/\/diariotribuna.com.br\/wp-content\/uploads\/2021\/04\/2-Marcio-Carmo-1.png\" alt=\"\" class=\"wp-image-9452\" width=\"282\" height=\"380\"\/><\/figure>\n\n\n\n<p><strong>M\u00e1rcio Carmo Pimentel<\/strong>,<strong> 41 anos<\/strong>. &#8220;De Ipatinga, na regi\u00e3o do Vale do A\u00e7o, atua na modalidade criminosa do novo canga\u00e7o, participando de ataques violentos a bancos, carros-fortes e transportadoras de valores. \u00c9 considerado um dos mais perigosos assaltantes do Brasil, conhecido como &#8220;Rei do Canga\u00e7o&#8221;. Possui, pelo menos, 13 mandados de pris\u00e3o em aberto nos estados de Goi\u00e1s, Mato Grosso, Bahia e Minas Gerais&#8221;.<\/p>\n\n\n\n<figure class=\"wp-block-image size-large is-resized\"><img loading=\"lazy\" decoding=\"async\" src=\"https:\/\/diariotribuna.com.br\/wp-content\/uploads\/2021\/04\/3-Joaquim-1.png\" alt=\"\" class=\"wp-image-9453\" width=\"273\" height=\"430\"\/><\/figure>\n\n\n\n<p><strong>Joaquim Daniel da Concei\u00e7\u00e3o Magalh\u00e3es<\/strong>, <strong>30 anos.<\/strong> &#8220;\u00c9 natural de Bras\u00edlia de Minas, no Norte do Estado, e possui envolvimento com o tr\u00e1fico de drogas em Juiz de Fora, na Zona da Mata mineira. Tem liga\u00e7\u00e3o ainda com narcotraficantes do Morro do Alem\u00e3o, na capital do Rio de Janeiro&#8221;.<\/p>\n\n\n\n<figure class=\"wp-block-image size-large is-resized\"><img loading=\"lazy\" decoding=\"async\" src=\"https:\/\/diariotribuna.com.br\/wp-content\/uploads\/2021\/04\/4-Fabio.png\" alt=\"\" class=\"wp-image-9454\" width=\"265\" height=\"381\"\/><\/figure>\n\n\n\n<p><strong>F\u00e1bio Ant\u00f4nio Gallego, 44 anos<\/strong>. &#8220;Paulistano, \u00e9 procurado por extors\u00e3o mediante sequestro, al\u00e9m de ser suspeito de envolvimento com o tr\u00e1fico interestadual de drogas. H\u00e1 ind\u00edcios de que ele teria pago valores altos para ser resgatado da Penitenci\u00e1ria de Contagem I &#8211; Nelson Hungria, em 2014&#8221;.<\/p>\n\n\n\n<figure class=\"wp-block-image size-large is-resized\"><img loading=\"lazy\" decoding=\"async\" src=\"https:\/\/diariotribuna.com.br\/wp-content\/uploads\/2021\/04\/5-Jhonatan.png\" alt=\"\" class=\"wp-image-9455\" width=\"253\" height=\"356\"\/><\/figure>\n\n\n\n<p><strong>Jonathan Henrique de Assis Teixeira, 29 anos<\/strong>. &#8220;Nascido em Contagem, na Grande BH, \u00e9 ligado \u00e0 organiza\u00e7\u00e3o criminosa &#8220;Gangue do Baiano&#8221; e possui envolvimento com o tr\u00e1fico de drogas na capital mineira. Tamb\u00e9m h\u00e1 suspeita de que ele tenha liga\u00e7\u00e3o com o novo canga\u00e7o, atuando em ataques violentos a bancos, carros-fortes e transportadoras de valores&#8221;.<\/p>\n\n\n\n<figure class=\"wp-block-image size-large is-resized\"><img loading=\"lazy\" decoding=\"async\" src=\"https:\/\/diariotribuna.com.br\/wp-content\/uploads\/2021\/04\/6-Joldean.png\" alt=\"\" class=\"wp-image-9456\" width=\"257\" height=\"393\"\/><\/figure>\n\n\n\n<p><strong>Joldean Lopes de Oliveira, 33 anos<\/strong>. &#8220;Maranhense de Estreito, atua na modalidade criminosa do novo canga\u00e7o em ataques violentos a bancos, carros-fortes e transportadoras de valores. Possui atua\u00e7\u00e3o nos estados do Par\u00e1, Tocantins, Goi\u00e1s, Maranh\u00e3o e Minas Gerais&#8221;.<\/p>\n\n\n\n<figure class=\"wp-block-image size-large is-resized\"><img loading=\"lazy\" decoding=\"async\" src=\"https:\/\/diariotribuna.com.br\/wp-content\/uploads\/2021\/04\/7-Diogo.png\" alt=\"\" class=\"wp-image-9457\" width=\"253\" height=\"354\"\/><\/figure>\n\n\n\n<p><strong>Diogo Gomes Zacarias, 27 anos<\/strong>. &#8220;Paulistano, \u00e9 um dos respons\u00e1veis pela modalidade criminosa do novo canga\u00e7o na regi\u00e3o de Montes Claros, atuando em roubo a bancos, carros-fortes e transportadoras de valores, mediante o uso de armamento pesado e explosivos&#8221;.<\/p>\n\n\n\n<figure class=\"wp-block-image size-large is-resized\"><img loading=\"lazy\" decoding=\"async\" src=\"https:\/\/diariotribuna.com.br\/wp-content\/uploads\/2021\/04\/8-Alvair-809x1024.jpg\" alt=\"\" class=\"wp-image-9458\" width=\"254\" height=\"322\" srcset=\"https:\/\/diariotribuna.com.br\/wp-content\/uploads\/2021\/04\/8-Alvair-809x1024.jpg 809w, https:\/\/diariotribuna.com.br\/wp-content\/uploads\/2021\/04\/8-Alvair-237x300.jpg 237w, https:\/\/diariotribuna.com.br\/wp-content\/uploads\/2021\/04\/8-Alvair-768x972.jpg 768w, https:\/\/diariotribuna.com.br\/wp-content\/uploads\/2021\/04\/8-Alvair-696x880.jpg 696w, https:\/\/diariotribuna.com.br\/wp-content\/uploads\/2021\/04\/8-Alvair-332x420.jpg 332w, https:\/\/diariotribuna.com.br\/wp-content\/uploads\/2021\/04\/8-Alvair.jpg 879w\" sizes=\"(max-width: 254px) 100vw, 254px\" \/><\/figure>\n\n\n\n<p><strong>Alvair dos Santos Oliveira, 38 anos<\/strong>. &#8220;Integrante de quadrilha de assalto a bancos com atua\u00e7\u00e3o nos munic\u00edpios de Jana\u00faba, no Norte de Minas, e em Salto, no interior de S\u00e3o Paulo. Participou de a\u00e7\u00e3o de explos\u00e3o com disparos de armas longas de grosso calibre em Riacho dos Machados, tamb\u00e9m na regi\u00e3o do Norte de Minas&#8221;.<\/p>\n\n\n\n<figure class=\"wp-block-image size-large is-resized\"><img loading=\"lazy\" decoding=\"async\" src=\"https:\/\/diariotribuna.com.br\/wp-content\/uploads\/2021\/04\/9-Varni.png\" alt=\"\" class=\"wp-image-9459\" width=\"247\" height=\"319\"\/><\/figure>\n\n\n\n<p><strong>Varni Cl\u00e9vio Queiroz Souza, 33 anos.<\/strong> &#8220;Natural de Lagoa dos Patos, no Norte de Minas, \u00e9 apontado como um dos l\u00edderes do tr\u00e1fico de drogas nos munic\u00edpios de Pirapora, tamb\u00e9m no Norte do Estado, e Patos de Minas, na regi\u00e3o do Alto Parana\u00edba&#8221;.<\/p>\n\n\n\n<figure class=\"wp-block-image size-large is-resized\"><img loading=\"lazy\" decoding=\"async\" src=\"https:\/\/diariotribuna.com.br\/wp-content\/uploads\/2021\/04\/10-Osmar.png\" alt=\"\" class=\"wp-image-9460\" width=\"250\" height=\"333\"\/><\/figure>\n\n\n\n<p><strong>Osmar Celestino dos Santos<\/strong>, 41 anos. &#8220;Nascido em Tabo\u00e3o da Serra, na Regi\u00e3o Metropolitana de S\u00e3o Paulo, \u00e9 autor de feminic\u00eddio tentado em Manhua\u00e7u, na Zona da Mata mineira. Osmar j\u00e1 possu\u00eda antecedentes de agress\u00e3o e amea\u00e7a \u00e0 mulher e hist\u00f3rico de descumprimento da medida restritiva de aproxima\u00e7\u00e3o da v\u00edtima. Amea\u00e7ou o juiz que lhe imp\u00f4s a medida. Fugiu do local em que tentou matar a ex-esposa abandonando rev\u00f3lver e faca&#8221;.<\/p>\n\n\n\n<figure class=\"wp-block-image size-large is-resized\"><img loading=\"lazy\" decoding=\"async\" src=\"https:\/\/diariotribuna.com.br\/wp-content\/uploads\/2021\/04\/11-Rafael-Carlos.jpg\" alt=\"\" class=\"wp-image-9461\" width=\"246\" height=\"329\"\/><\/figure>\n\n\n\n<p><strong>Rafael Carlos da Silva Ferreira, 30 anos.<\/strong> &#8220;Natural de Belo Horizonte, \u00e9 chefe de organiza\u00e7\u00e3o criminosa atuante no tr\u00e1fico de drogas no Aglomerado Cabana do Pai Tom\u00e1s, na capital mineira. H\u00e1 ind\u00edcios de a\u00e7\u00e3o tamb\u00e9m em outros estados do Brasil. Possui tr\u00eas mandados de pris\u00e3o em aberto&#8221;.<\/p>\n\n\n\n<figure class=\"wp-block-image size-large is-resized\"><img loading=\"lazy\" decoding=\"async\" src=\"https:\/\/diariotribuna.com.br\/wp-content\/uploads\/2021\/04\/12-Roger.jpg\" alt=\"\" class=\"wp-image-9462\" width=\"238\" height=\"318\"\/><\/figure>\n\n\n\n<p><strong>Roger da Silva Galdino, 34 anos<\/strong>. &#8220;Belorizontino, atua como chefe de organiza\u00e7\u00e3o criminosa no Aglomerado da Serra, em BH. H\u00e1 informa\u00e7\u00f5es de que distribua drogas na capital mineira e na regi\u00e3o metropolitana. Procurado tamb\u00e9m por homic\u00eddio, possui dois mandados de pris\u00e3o em seu desfavor&#8221;.<\/p>\n\n\n\n<figure class=\"wp-block-image size-large is-resized\"><img loading=\"lazy\" decoding=\"async\" src=\"https:\/\/diariotribuna.com.br\/wp-content\/uploads\/2021\/04\/13-Clebio.jpg\" alt=\"\" class=\"wp-image-9463\" width=\"234\" height=\"314\"\/><\/figure>\n\n\n\n<p><strong>Cl\u00e9bio Pereira Rosa, 42 anos<\/strong>. &#8220;Natural de Belo Horizonte, \u00e9 chefe de organiza\u00e7\u00e3o criminosa no Aglomerado da Serra, tamb\u00e9m na capital mineira. Autor de homic\u00eddio, possui dois mandados de pris\u00e3o em aberto&#8221;.<\/p>\n\n\n\n<figure class=\"wp-block-image size-large is-resized\"><img loading=\"lazy\" decoding=\"async\" src=\"https:\/\/diariotribuna.com.br\/wp-content\/uploads\/2021\/04\/14-Marcos-Cardoso.jpg\" alt=\"\" class=\"wp-image-9464\" width=\"236\" height=\"318\"\/><\/figure>\n\n\n\n<p><strong>Marcos Cardoso Santana, 31 anos<\/strong>. &#8220;Nascido na capital mineira, tem atua\u00e7\u00e3o como chefe de organiza\u00e7\u00e3o criminosa do Aglomerado da Serra, em Belo Horizonte. \u00c9 procurado tamb\u00e9m por homic\u00eddio, apresentando tr\u00eas mandados de pris\u00e3o em aberto&#8221;.<\/p>\n\n\n\n<figure class=\"wp-block-image size-large is-resized\"><img loading=\"lazy\" decoding=\"async\" src=\"https:\/\/diariotribuna.com.br\/wp-content\/uploads\/2021\/04\/15-Francoar.jpg\" alt=\"\" class=\"wp-image-9465\" width=\"230\" height=\"307\"\/><\/figure>\n\n\n\n<p><strong>Fran\u00e7oar Correia dos Santos, 31 anos<\/strong>. &#8220;Belorizontino, lidera organiza\u00e7\u00e3o criminosa atuante no tr\u00e1fico de drogas na Vila Itaip\u00fa e no Aglomerado do Borel, na capital mineira. Tamb\u00e9m \u00e9 autor de homic\u00eddio&#8221;.<\/p>\n\n\n\n<figure class=\"wp-block-image size-large is-resized\"><img loading=\"lazy\" decoding=\"async\" src=\"https:\/\/diariotribuna.com.br\/wp-content\/uploads\/2021\/04\/16-Julio-Cesar.jpg\" alt=\"\" class=\"wp-image-9466\" width=\"229\" height=\"306\"\/><\/figure>\n\n\n\n<p><strong>Julio C\u00e9sar de Jesus Silva, 34 anos<\/strong>. &#8220;Nascido em BH, \u00e9 chefe de organiza\u00e7\u00e3o criminosa com atua\u00e7\u00e3o no tr\u00e1fico de drogas do Aglomerado Madre Gertrudes, na capital mineira. Tamb\u00e9m \u00e9 autor de homic\u00eddio, tendo tr\u00eas mandados de pris\u00e3o em seu nome&#8221;.<\/p>\n\n\n\n<figure class=\"wp-block-image size-large\"><img loading=\"lazy\" decoding=\"async\" width=\"234\" height=\"206\" src=\"https:\/\/diariotribuna.com.br\/wp-content\/uploads\/2021\/04\/17-Bruno-Vieira.jpg\" alt=\"\" class=\"wp-image-9467\"\/><\/figure>\n\n\n\n<p><strong>Bruno Vieira Janu\u00e1rio da Silva, 31 anos<\/strong>. &#8220;Natural da capital mineira, \u00e9 chefe de organiza\u00e7\u00e3o criminosa atuante com o tr\u00e1fico de drogas do Aglomerado Palmital, em Santa Luzia, na regi\u00e3o Central de Minas. Tamb\u00e9m \u00e9 procurado pelo crime de homic\u00eddio&#8221;.<\/p>\n\n\n\n<figure class=\"wp-block-image size-large is-resized\"><img loading=\"lazy\" decoding=\"async\" src=\"https:\/\/diariotribuna.com.br\/wp-content\/uploads\/2021\/04\/18-Marcos-Paulo.jpg\" alt=\"\" class=\"wp-image-9468\" width=\"235\" height=\"313\"\/><\/figure>\n\n\n\n<p><strong>Marcos Paulo dos Santos Queiroz, 35 anos<\/strong>. &#8220;Belorizontino, \u00e9 conhecido homicida na Vila Itaip\u00fa e no Aglomerado do Borel, situados na capital mineira. Atua ainda como gerente do tr\u00e1fico de drogas nessas regi\u00f5es&#8221;.<\/p>\n\n\n\n<figure class=\"wp-block-image size-large is-resized\"><img loading=\"lazy\" decoding=\"async\" src=\"https:\/\/diariotribuna.com.br\/wp-content\/uploads\/2021\/04\/19-Dionathan.jpg\" alt=\"\" class=\"wp-image-9469\" width=\"236\" height=\"315\" srcset=\"https:\/\/diariotribuna.com.br\/wp-content\/uploads\/2021\/04\/19-Dionathan.jpg 302w, https:\/\/diariotribuna.com.br\/wp-content\/uploads\/2021\/04\/19-Dionathan-225x300.jpg 225w\" sizes=\"(max-width: 236px) 100vw, 236px\" \/><\/figure>\n\n\n\n<p><strong>Dionathan da Cruz Silva, 32 anos.<\/strong> &#8220;Natural de Mutum, na regi\u00e3o do Rio Doce, tem atua\u00e7\u00e3o criminosa principalmente na cidade natal, Concei\u00e7\u00e3o de Ipanema, tamb\u00e9m na macrorregi\u00e3o do Rio Doce, em Lajinha e em Chal\u00e9, na Zona da Mata. Executa servi\u00e7os de \u201cpistoleiro\u201d, sendo autor de diversos homic\u00eddios por Minas Gerais e outros estados. Possui 14 mandados de pris\u00e3o em seu desfavor&#8221;.<\/p>\n\n\n\n<figure class=\"wp-block-image size-large is-resized\"><img loading=\"lazy\" decoding=\"async\" src=\"https:\/\/diariotribuna.com.br\/wp-content\/uploads\/2021\/04\/20-Lucas-Menezes.jpg\" alt=\"\" class=\"wp-image-9470\" width=\"240\" height=\"322\" srcset=\"https:\/\/diariotribuna.com.br\/wp-content\/uploads\/2021\/04\/20-Lucas-Menezes.jpg 241w, https:\/\/diariotribuna.com.br\/wp-content\/uploads\/2021\/04\/20-Lucas-Menezes-224x300.jpg 224w\" sizes=\"(max-width: 240px) 100vw, 240px\" \/><\/figure>\n\n\n\n<p><strong>Lucas Menezes da Cruz, 35 anos<\/strong>. &#8220;Nascido em Mutum, na macrorregi\u00e3o do Rio Doce, \u00e9 procurado pelos crimes de roubo e homic\u00eddio. Possui atua\u00e7\u00e3o como \u201cpistoleiro\u201d na cidade natal, Concei\u00e7\u00e3o de Ipanema, na mesma regi\u00e3o de Minas, e em Chal\u00e9, na Zona da Mata. H\u00e1 ind\u00edcios de a\u00e7\u00f5es em outros estados do Brasil&#8221;.<\/p>\n\n\n\n<figure class=\"wp-block-image size-large is-resized\"><img loading=\"lazy\" decoding=\"async\" src=\"https:\/\/diariotribuna.com.br\/wp-content\/uploads\/2021\/04\/21-Emanuel.jpg\" alt=\"\" class=\"wp-image-9471\" width=\"199\" height=\"186\"\/><\/figure>\n\n\n\n<p><strong>Emanuel Monteiro Caires, 35 anos<\/strong>. &#8220;Natural de Almenara, na regi\u00e3o do Jequitinhonha e Mucuri, assassinou com 35 facadas a professora de 39 anos com quem mantinha um relacionamento amoroso. Na ocasi\u00e3o, matou tamb\u00e9m a filha da v\u00edtima, de apenas seis anos, cortando o seu pesco\u00e7o. Os crimes aconteceram em Betim, na Grande BH&#8221;.<\/p>\n","protected":false},"excerpt":{"rendered":"<p>Vinte e um alvos considerados priorit\u00e1rios para o sistema de Seguran\u00e7a P\u00fablica de Minas foram inclu\u00eddos na lista da quarta edi\u00e7\u00e3o do programa Procura-se, lan\u00e7ada nesta quinta-feira, 22 de abril de 2021. O projeto busca a pris\u00e3o de indiv\u00edduos foragidos da Justi\u00e7a, com mandados de pris\u00e3o em aberto, a partir da qualifica\u00e7\u00e3o das a\u00e7\u00f5es das [&hellip;]<\/p>\n","protected":false},"author":1,"featured_media":9442,"comment_status":"open","ping_status":"open","sticky":false,"template":"","format":"standard","meta":{"rop_custom_images_group":[],"rop_custom_messages_group":[],"rop_publish_now":"initial","rop_publish_now_accounts":[],"rop_publish_now_history":[],"rop_publish_now_status":"pending","footnotes":""},"categories":[25,20],"tags":[2981,2881,70,2980,2926],"class_list":["post-9441","post","type-post","status-publish","format-standard","has-post-thumbnail","hentry","category-destaque","category-policia","tag-21-criminosos-mais-procurados-de-minas","tag-abril-2021","tag-minas-gerais","tag-procura-se","tag-seguranca-publica"],"_links":{"self":[{"href":"https:\/\/diariotribuna.com.br\/index.php?rest_route=\/wp\/v2\/posts\/9441"}],"collection":[{"href":"https:\/\/diariotribuna.com.br\/index.php?rest_route=\/wp\/v2\/posts"}],"about":[{"href":"https:\/\/diariotribuna.com.br\/index.php?rest_route=\/wp\/v2\/types\/post"}],"author":[{"embeddable":true,"href":"https:\/\/diariotribuna.com.br\/index.php?rest_route=\/wp\/v2\/users\/1"}],"replies":[{"embeddable":true,"href":"https:\/\/diariotribuna.com.br\/index.php?rest_route=%2Fwp%2Fv2%2Fcomments&post=9441"}],"version-history":[{"count":4,"href":"https:\/\/diariotribuna.com.br\/index.php?rest_route=\/wp\/v2\/posts\/9441\/revisions"}],"predecessor-version":[{"id":9472,"href":"https:\/\/diariotribuna.com.br\/index.php?rest_route=\/wp\/v2\/posts\/9441\/revisions\/9472"}],"wp:featuredmedia":[{"embeddable":true,"href":"https:\/\/diariotribuna.com.br\/index.php?rest_route=\/wp\/v2\/media\/9442"}],"wp:attachment":[{"href":"https:\/\/diariotribuna.com.br\/index.php?rest_route=%2Fwp%2Fv2%2Fmedia&parent=9441"}],"wp:term":[{"taxonomy":"category","embeddable":true,"href":"https:\/\/diariotribuna.com.br\/index.php?rest_route=%2Fwp%2Fv2%2Fcategories&post=9441"},{"taxonomy":"post_tag","embeddable":true,"href":"https:\/\/diariotribuna.com.br\/index.php?rest_route=%2Fwp%2Fv2%2Ftags&post=9441"}],"curies":[{"name":"wp","href":"https:\/\/api.w.org\/{rel}","templated":true}]}}