{"id":9473,"date":"2021-04-23T02:21:21","date_gmt":"2021-04-23T05:21:21","guid":{"rendered":"https:\/\/diariotribuna.com.br\/?p=9473"},"modified":"2021-04-23T02:21:22","modified_gmt":"2021-04-23T05:21:22","slug":"homem-morre-em-acidente-de-trabalho-na-zona-rural-de-novo-cruzeiro","status":"publish","type":"post","link":"https:\/\/diariotribuna.com.br\/?p=9473","title":{"rendered":"Homem morre em acidente de trabalho na zona rural de Novo Cruzeiro"},"content":{"rendered":"\n<figure class=\"wp-block-image size-large is-resized is-style-default\"><img loading=\"lazy\" decoding=\"async\" src=\"https:\/\/diariotribuna.com.br\/wp-content\/uploads\/2021\/04\/DSC08722.jpg\" alt=\"\" class=\"wp-image-9474\" width=\"465\" height=\"326\" srcset=\"https:\/\/diariotribuna.com.br\/wp-content\/uploads\/2021\/04\/DSC08722.jpg 700w, https:\/\/diariotribuna.com.br\/wp-content\/uploads\/2021\/04\/DSC08722-300x210.jpg 300w, https:\/\/diariotribuna.com.br\/wp-content\/uploads\/2021\/04\/DSC08722-100x70.jpg 100w, https:\/\/diariotribuna.com.br\/wp-content\/uploads\/2021\/04\/DSC08722-696x487.jpg 696w, https:\/\/diariotribuna.com.br\/wp-content\/uploads\/2021\/04\/DSC08722-600x420.jpg 600w\" sizes=\"(max-width: 465px) 100vw, 465px\" \/><\/figure>\n\n\n\n<p>O acidente aconteceu na segunda-feira (19\/04\/21) no povoado Geriba, zona rural de Novo Cruzeiro. A Pol\u00edcia Militar foi ao local onde encontrou Valdir Francisco do Amaral Santos, de 23 anos, no ch\u00e3o, em uma planta\u00e7\u00e3o de eucalipto, com v\u00e1rias \u00e1rvores derrubadas, com respingos de sangue em algumas destas. Uma t\u00e9cnica de enfermagem do Samu constatou o \u00f3bito da v\u00edtima no local. Ela estava aparentemente com afundamento no cr\u00e2nio, alguns dentes quebrados e sangue acumulado na boca.<\/p>\n\n\n\n<p>A testemunha J.M.V.F., de 52 anos, disse que ele estava cortando eucalipto com a v\u00edtima. Para a testemunha S.T.F., de 37 anos, estavam trabalhando h\u00e1 aproximadamente 07 dias, e neste dia, estava indo para um local mais afastado da v\u00edtima, que j\u00e1 estava cortando eucalipto, e quando ele estava h\u00e1 uns 50 metros, escutou alguns eucaliptos caindo e a motosserra da v\u00edtima havia parado de cortar. Ele chamou Valdir e quando ele n\u00e3o respondeu, foi ao local onde ele estava e o encontrou debaixo de v\u00e1rios eucaliptos. J.M. tirou os eucaliptos de cima da v\u00edtima e buscou socorro, acionando a PM e o Samu. Disse que nesse momento a v\u00edtima ainda estava viva, mas, inconsciente.<\/p>\n\n\n\n<p>A planta\u00e7\u00e3o de eucalipto \u00e9 da testemunha V.A.M., de 63 anos, com explora\u00e7\u00e3o regular, conforme certificado de registro, com validade at\u00e9 30\/09\/2022, e havia vendido a floresta para S.T., contratante da v\u00edtima e da testemunha J.MV.F. Segundo a PM, no ato da fiscaliza\u00e7\u00e3o foram encontradas 02 motosserras, que n\u00e3o estavam sendo utilizadas no momento, mas os militares foram informados que uma delas estaria envolvida no acidente e que as duas n\u00e3o possuem registro junto ao \u00f3rg\u00e3o ambiental competente, por isso foram apreendidas e encaminhadas \u00e0 delegacia de Pol\u00edcia Civil em Novo Cruzeiro.<\/p>\n\n\n\n<p>A PM constatou ainda, que Valdir estaria sem equipamento de prote\u00e7\u00e3o individual e S.T. informou que a v\u00edtima trabalhava para ele h\u00e1 aproximadamente 06 meses, fazendo \u201cbico\u201d, sem registro em carteira e que h\u00e1 aproximadamente 07 dias ele estaria cortando eucaliptos para ele recebendo o valor de R$ 70,00 por dia trabalhado. O corpo de Valdir foi encaminhado ao IML de Te\u00f3filo Otoni, onde foi necropsiado. A Pol\u00edcia Civil dever\u00e1 apurar as circunst\u00e2ncias do acidente. (Foto Ilustrativa)<\/p>\n","protected":false},"excerpt":{"rendered":"<p>O acidente aconteceu na segunda-feira (19\/04\/21) no povoado Geriba, zona rural de Novo Cruzeiro. A Pol\u00edcia Militar foi ao local onde encontrou Valdir Francisco do Amaral Santos, de 23 anos, no ch\u00e3o, em uma planta\u00e7\u00e3o de eucalipto, com v\u00e1rias \u00e1rvores derrubadas, com respingos de sangue em algumas destas. Uma t\u00e9cnica de enfermagem do Samu constatou [&hellip;]<\/p>\n","protected":false},"author":1,"featured_media":9474,"comment_status":"open","ping_status":"open","sticky":false,"template":"","format":"standard","meta":{"rop_custom_images_group":[],"rop_custom_messages_group":[],"rop_publish_now":"initial","rop_publish_now_accounts":[],"rop_publish_now_history":[],"rop_publish_now_status":"pending","footnotes":""},"categories":[18],"tags":[2968,2984,149,1476,2983,2982,1137],"class_list":["post-9473","post","type-post","status-publish","format-standard","has-post-thumbnail","hentry","category-regiao","tag-acidente-de-trabalho","tag-eucalipto","tag-novo-cruzeiro","tag-obito","tag-plantacao","tag-povoado-geriba","tag-zona-rural"],"_links":{"self":[{"href":"https:\/\/diariotribuna.com.br\/index.php?rest_route=\/wp\/v2\/posts\/9473"}],"collection":[{"href":"https:\/\/diariotribuna.com.br\/index.php?rest_route=\/wp\/v2\/posts"}],"about":[{"href":"https:\/\/diariotribuna.com.br\/index.php?rest_route=\/wp\/v2\/types\/post"}],"author":[{"embeddable":true,"href":"https:\/\/diariotribuna.com.br\/index.php?rest_route=\/wp\/v2\/users\/1"}],"replies":[{"embeddable":true,"href":"https:\/\/diariotribuna.com.br\/index.php?rest_route=%2Fwp%2Fv2%2Fcomments&post=9473"}],"version-history":[{"count":1,"href":"https:\/\/diariotribuna.com.br\/index.php?rest_route=\/wp\/v2\/posts\/9473\/revisions"}],"predecessor-version":[{"id":9475,"href":"https:\/\/diariotribuna.com.br\/index.php?rest_route=\/wp\/v2\/posts\/9473\/revisions\/9475"}],"wp:featuredmedia":[{"embeddable":true,"href":"https:\/\/diariotribuna.com.br\/index.php?rest_route=\/wp\/v2\/media\/9474"}],"wp:attachment":[{"href":"https:\/\/diariotribuna.com.br\/index.php?rest_route=%2Fwp%2Fv2%2Fmedia&parent=9473"}],"wp:term":[{"taxonomy":"category","embeddable":true,"href":"https:\/\/diariotribuna.com.br\/index.php?rest_route=%2Fwp%2Fv2%2Fcategories&post=9473"},{"taxonomy":"post_tag","embeddable":true,"href":"https:\/\/diariotribuna.com.br\/index.php?rest_route=%2Fwp%2Fv2%2Ftags&post=9473"}],"curies":[{"name":"wp","href":"https:\/\/api.w.org\/{rel}","templated":true}]}}