{"id":9476,"date":"2021-04-23T02:31:47","date_gmt":"2021-04-23T05:31:47","guid":{"rendered":"https:\/\/diariotribuna.com.br\/?p=9476"},"modified":"2021-04-23T02:31:48","modified_gmt":"2021-04-23T05:31:48","slug":"pm-prende-homem-com-grande-quantidade-de-drogas-em-almenara","status":"publish","type":"post","link":"https:\/\/diariotribuna.com.br\/?p=9476","title":{"rendered":"PM prende homem com grande quantidade de drogas em Almenara"},"content":{"rendered":"\n<figure class=\"wp-block-gallery columns-2 is-cropped wp-block-gallery-1 is-layout-flex wp-block-gallery-is-layout-flex\"><ul class=\"blocks-gallery-grid\"><li class=\"blocks-gallery-item\"><figure><img loading=\"lazy\" decoding=\"async\" width=\"957\" height=\"681\" src=\"https:\/\/diariotribuna.com.br\/wp-content\/uploads\/2021\/04\/a8a931ca-8b3c-4a9f-9805-6e554cc899d7-1.jpg\" alt=\"\" data-id=\"9478\" data-full-url=\"https:\/\/diariotribuna.com.br\/wp-content\/uploads\/2021\/04\/a8a931ca-8b3c-4a9f-9805-6e554cc899d7-1.jpg\" data-link=\"https:\/\/diariotribuna.com.br\/?attachment_id=9478\" class=\"wp-image-9478\" srcset=\"https:\/\/diariotribuna.com.br\/wp-content\/uploads\/2021\/04\/a8a931ca-8b3c-4a9f-9805-6e554cc899d7-1.jpg 957w, https:\/\/diariotribuna.com.br\/wp-content\/uploads\/2021\/04\/a8a931ca-8b3c-4a9f-9805-6e554cc899d7-1-300x213.jpg 300w, https:\/\/diariotribuna.com.br\/wp-content\/uploads\/2021\/04\/a8a931ca-8b3c-4a9f-9805-6e554cc899d7-1-768x547.jpg 768w, https:\/\/diariotribuna.com.br\/wp-content\/uploads\/2021\/04\/a8a931ca-8b3c-4a9f-9805-6e554cc899d7-1-100x70.jpg 100w, https:\/\/diariotribuna.com.br\/wp-content\/uploads\/2021\/04\/a8a931ca-8b3c-4a9f-9805-6e554cc899d7-1-696x495.jpg 696w, https:\/\/diariotribuna.com.br\/wp-content\/uploads\/2021\/04\/a8a931ca-8b3c-4a9f-9805-6e554cc899d7-1-590x420.jpg 590w\" sizes=\"(max-width: 957px) 100vw, 957px\" \/><\/figure><\/li><li class=\"blocks-gallery-item\"><figure><img loading=\"lazy\" decoding=\"async\" width=\"700\" height=\"453\" src=\"https:\/\/diariotribuna.com.br\/wp-content\/uploads\/2021\/04\/a8a931ca-8b3c-4a9f-9805-6e554cc899d7-Copia.jpg\" alt=\"\" data-id=\"9479\" data-full-url=\"https:\/\/diariotribuna.com.br\/wp-content\/uploads\/2021\/04\/a8a931ca-8b3c-4a9f-9805-6e554cc899d7-Copia.jpg\" data-link=\"https:\/\/diariotribuna.com.br\/?attachment_id=9479\" class=\"wp-image-9479\" srcset=\"https:\/\/diariotribuna.com.br\/wp-content\/uploads\/2021\/04\/a8a931ca-8b3c-4a9f-9805-6e554cc899d7-Copia.jpg 700w, https:\/\/diariotribuna.com.br\/wp-content\/uploads\/2021\/04\/a8a931ca-8b3c-4a9f-9805-6e554cc899d7-Copia-300x194.jpg 300w, https:\/\/diariotribuna.com.br\/wp-content\/uploads\/2021\/04\/a8a931ca-8b3c-4a9f-9805-6e554cc899d7-Copia-696x450.jpg 696w, https:\/\/diariotribuna.com.br\/wp-content\/uploads\/2021\/04\/a8a931ca-8b3c-4a9f-9805-6e554cc899d7-Copia-649x420.jpg 649w\" sizes=\"(max-width: 700px) 100vw, 700px\" \/><\/figure><\/li><\/ul><\/figure>\n\n\n\n<p>Um homem de 21 anos foi preso pela Pol\u00edcia Militar, no domingo (18\/04), por envolvimento com o tr\u00e1fico de drogas, no Bairro Cidade Verde, em Almenara. A PM recebeu den\u00fancia informando que um homem teria recebido uma grande quantidade de entorpecentes e deflagrou uma opera\u00e7\u00e3o. Durante as dilig\u00eancias os militares avistaram o suspeito entregando um pacote a um motociclista que fugiu rapidamente do local e n\u00e3o foi abordado.<\/p>\n\n\n\n<p>Ao ver a viatura o suspeito tentou fugir, mas foi alcan\u00e7ado e abordado. Durante as buscas foram localizados em uma resid\u00eancia abandonada que o suspeito tinha escondido, 09 tabletes e 04 por\u00e7\u00f5es de maconha, 05 pedras brutas e 26 pedras menores de crack, 07 por\u00e7\u00f5es de coca\u00edna, 01 balan\u00e7a de precis\u00e3o e a quantia de R$ 210 em dinheiro. Junto com os materiais apreendidos ele foi encaminhado \u00e0 delegacia de Pol\u00edcia Civil. (Assessoria de comunica\u00e7\u00e3o organizacional do 44\u00ba BPM, Almenara).<\/p>\n","protected":false},"excerpt":{"rendered":"<p>Um homem de 21 anos foi preso pela Pol\u00edcia Militar, no domingo (18\/04), por envolvimento com o tr\u00e1fico de drogas, no Bairro Cidade Verde, em Almenara. A PM recebeu den\u00fancia informando que um homem teria recebido uma grande quantidade de entorpecentes e deflagrou uma opera\u00e7\u00e3o. Durante as dilig\u00eancias os militares avistaram o suspeito entregando um [&hellip;]<\/p>\n","protected":false},"author":1,"featured_media":9478,"comment_status":"open","ping_status":"open","sticky":false,"template":"","format":"standard","meta":{"rop_custom_images_group":[],"rop_custom_messages_group":[],"rop_publish_now":"initial","rop_publish_now_accounts":[],"rop_publish_now_history":[],"rop_publish_now_status":"pending","footnotes":""},"categories":[20],"tags":[110,1179,2985,76,2484],"class_list":["post-9476","post","type-post","status-publish","format-standard","has-post-thumbnail","hentry","category-policia","tag-almenara","tag-apreensao-de-drogas","tag-bairro-cidade-verde","tag-policia-militar","tag-um-preso"],"_links":{"self":[{"href":"https:\/\/diariotribuna.com.br\/index.php?rest_route=\/wp\/v2\/posts\/9476"}],"collection":[{"href":"https:\/\/diariotribuna.com.br\/index.php?rest_route=\/wp\/v2\/posts"}],"about":[{"href":"https:\/\/diariotribuna.com.br\/index.php?rest_route=\/wp\/v2\/types\/post"}],"author":[{"embeddable":true,"href":"https:\/\/diariotribuna.com.br\/index.php?rest_route=\/wp\/v2\/users\/1"}],"replies":[{"embeddable":true,"href":"https:\/\/diariotribuna.com.br\/index.php?rest_route=%2Fwp%2Fv2%2Fcomments&post=9476"}],"version-history":[{"count":1,"href":"https:\/\/diariotribuna.com.br\/index.php?rest_route=\/wp\/v2\/posts\/9476\/revisions"}],"predecessor-version":[{"id":9480,"href":"https:\/\/diariotribuna.com.br\/index.php?rest_route=\/wp\/v2\/posts\/9476\/revisions\/9480"}],"wp:featuredmedia":[{"embeddable":true,"href":"https:\/\/diariotribuna.com.br\/index.php?rest_route=\/wp\/v2\/media\/9478"}],"wp:attachment":[{"href":"https:\/\/diariotribuna.com.br\/index.php?rest_route=%2Fwp%2Fv2%2Fmedia&parent=9476"}],"wp:term":[{"taxonomy":"category","embeddable":true,"href":"https:\/\/diariotribuna.com.br\/index.php?rest_route=%2Fwp%2Fv2%2Fcategories&post=9476"},{"taxonomy":"post_tag","embeddable":true,"href":"https:\/\/diariotribuna.com.br\/index.php?rest_route=%2Fwp%2Fv2%2Ftags&post=9476"}],"curies":[{"name":"wp","href":"https:\/\/api.w.org\/{rel}","templated":true}]}}