{"id":9484,"date":"2021-04-23T02:48:19","date_gmt":"2021-04-23T05:48:19","guid":{"rendered":"https:\/\/diariotribuna.com.br\/?p=9484"},"modified":"2021-04-23T02:49:55","modified_gmt":"2021-04-23T05:49:55","slug":"covid-19-brasil-registra-2-027-mortes-e-45-178-novos-diagnosticos","status":"publish","type":"post","link":"https:\/\/diariotribuna.com.br\/?p=9484","title":{"rendered":"Covid-19: Brasil registra 2.027 mortes e 45.178 novos diagn\u00f3sticos"},"content":{"rendered":"\n<p><strong>Pa\u00eds acumula 383.502 mortes pela doen\u00e7a desde in\u00edcio da pandemia<\/strong><\/p>\n\n\n\n<figure class=\"wp-block-image size-large is-resized is-style-default\"><img loading=\"lazy\" decoding=\"async\" src=\"https:\/\/diariotribuna.com.br\/wp-content\/uploads\/2021\/04\/radiografia_de_torax_coronaviruscovid-19_hospital_sao_paulo1205200326.jpg\" alt=\"\" class=\"wp-image-9485\" width=\"467\" height=\"278\" srcset=\"https:\/\/diariotribuna.com.br\/wp-content\/uploads\/2021\/04\/radiografia_de_torax_coronaviruscovid-19_hospital_sao_paulo1205200326.jpg 700w, https:\/\/diariotribuna.com.br\/wp-content\/uploads\/2021\/04\/radiografia_de_torax_coronaviruscovid-19_hospital_sao_paulo1205200326-300x179.jpg 300w, https:\/\/diariotribuna.com.br\/wp-content\/uploads\/2021\/04\/radiografia_de_torax_coronaviruscovid-19_hospital_sao_paulo1205200326-696x416.jpg 696w\" sizes=\"(max-width: 467px) 100vw, 467px\" \/><\/figure>\n\n\n\n<h4 class=\"wp-block-heading\"><strong>O total de mortes causadas pelo novo coronav\u00edrus subiu para 383.502. Entre ontem e hoje, foram confirmados 2.027 novos \u00f3bitos.\u00a0<\/strong><\/h4>\n\n\n\n<figure class=\"wp-block-image size-large is-resized is-style-default\"><img loading=\"lazy\" decoding=\"async\" src=\"https:\/\/diariotribuna.com.br\/wp-content\/uploads\/2021\/04\/whatsapp_image_2021-04-22_at_20.17.40.jpeg\" alt=\"\" class=\"wp-image-9486\" width=\"595\" height=\"334\" srcset=\"https:\/\/diariotribuna.com.br\/wp-content\/uploads\/2021\/04\/whatsapp_image_2021-04-22_at_20.17.40.jpeg 700w, https:\/\/diariotribuna.com.br\/wp-content\/uploads\/2021\/04\/whatsapp_image_2021-04-22_at_20.17.40-300x168.jpeg 300w, https:\/\/diariotribuna.com.br\/wp-content\/uploads\/2021\/04\/whatsapp_image_2021-04-22_at_20.17.40-696x391.jpeg 696w\" sizes=\"(max-width: 595px) 100vw, 595px\" \/><\/figure>\n\n\n\n<p>Ainda h\u00e1 3.643 mortes em investiga\u00e7\u00e3o por equipes de sa\u00fade. Isso porque h\u00e1 casos em que o diagn\u00f3stico sobre a causa sai ap\u00f3s o \u00f3bito do paciente. J\u00e1 a soma de casos acumulados desde o in\u00edcio da pandemia subiu para 14.167.973. Entre ontem e hoje, foram confirmados 45.178 novos diagn\u00f3sticos positivos.\u00a0<\/p>\n\n\n\n<p>As informa\u00e7\u00f5es est\u00e3o na atualiza\u00e7\u00e3o di\u00e1ria do Minist\u00e9rio da Sa\u00fade, divulgada na noite desta quinta-feira (22). O balan\u00e7o \u00e9 elaborado a partir dos dados sobre casos e mortes levantados pelas autoridades locais de sa\u00fade. O n\u00famero de pessoas recuperadas est\u00e1 em 12.673.785. J\u00e1 a quantidade de pacientes com casos ativos, em acompanhamento por equipes de sa\u00fade, ficou em 1.110.686.<\/p>\n\n\n\n<p>Os dados em geral s\u00e3o menores aos domingos e segundas-feiras pela menor quantidade de trabalhadores para fazer os novos registros de casos e mortes. Essa redu\u00e7\u00e3o tamb\u00e9m ocorre no dia seguinte aos feriados, como \u00e9 o caso hoje ap\u00f3s o 21 de abril. J\u00e1 \u00e0s ter\u00e7as-feiras eles tendem a ser maiores j\u00e1 que neste dia o balan\u00e7o recebe o ac\u00famulo das informa\u00e7\u00f5es n\u00e3o processadas no fim-de-semana.<\/p>\n\n\n\n<p><strong>Estados &#8211;<\/strong> O ranking de estados com mais mortes pela covid-19 \u00e9 liderado por S\u00e3o Paulo (90.810), Rio de Janeiro (42.362), Minas Gerais (31.386), Rio Grande do Sul (23.752) e Paran\u00e1 (20.959). J\u00e1 as Unidades da Federa\u00e7\u00e3o com menos \u00f3bitos s\u00e3o Acre (1.458), Roraima (1.466), Amap\u00e1 (1.497), Tocantins (2.328) e Alagoas (4.054).<\/p>\n\n\n\n<p>(Ag\u00eancia Brasil)<\/p>\n","protected":false},"excerpt":{"rendered":"<p>Pa\u00eds acumula 383.502 mortes pela doen\u00e7a desde in\u00edcio da pandemia O total de mortes causadas pelo novo coronav\u00edrus subiu para 383.502. Entre ontem e hoje, foram confirmados 2.027 novos \u00f3bitos.\u00a0 Ainda h\u00e1 3.643 mortes em investiga\u00e7\u00e3o por equipes de sa\u00fade. Isso porque h\u00e1 casos em que o diagn\u00f3stico sobre a causa sai ap\u00f3s o \u00f3bito [&hellip;]<\/p>\n","protected":false},"author":1,"featured_media":9485,"comment_status":"open","ping_status":"open","sticky":false,"template":"","format":"standard","meta":{"rop_custom_images_group":[],"rop_custom_messages_group":[],"rop_publish_now":"initial","rop_publish_now_accounts":[],"rop_publish_now_history":[],"rop_publish_now_status":"pending","footnotes":""},"categories":[192],"tags":[2972,489,393,84],"class_list":["post-9484","post","type-post","status-publish","format-standard","has-post-thumbnail","hentry","category-covid19","tag-22-04-21","tag-boletim-epidemiologico","tag-brasil","tag-covid-19"],"_links":{"self":[{"href":"https:\/\/diariotribuna.com.br\/index.php?rest_route=\/wp\/v2\/posts\/9484"}],"collection":[{"href":"https:\/\/diariotribuna.com.br\/index.php?rest_route=\/wp\/v2\/posts"}],"about":[{"href":"https:\/\/diariotribuna.com.br\/index.php?rest_route=\/wp\/v2\/types\/post"}],"author":[{"embeddable":true,"href":"https:\/\/diariotribuna.com.br\/index.php?rest_route=\/wp\/v2\/users\/1"}],"replies":[{"embeddable":true,"href":"https:\/\/diariotribuna.com.br\/index.php?rest_route=%2Fwp%2Fv2%2Fcomments&post=9484"}],"version-history":[{"count":1,"href":"https:\/\/diariotribuna.com.br\/index.php?rest_route=\/wp\/v2\/posts\/9484\/revisions"}],"predecessor-version":[{"id":9487,"href":"https:\/\/diariotribuna.com.br\/index.php?rest_route=\/wp\/v2\/posts\/9484\/revisions\/9487"}],"wp:featuredmedia":[{"embeddable":true,"href":"https:\/\/diariotribuna.com.br\/index.php?rest_route=\/wp\/v2\/media\/9485"}],"wp:attachment":[{"href":"https:\/\/diariotribuna.com.br\/index.php?rest_route=%2Fwp%2Fv2%2Fmedia&parent=9484"}],"wp:term":[{"taxonomy":"category","embeddable":true,"href":"https:\/\/diariotribuna.com.br\/index.php?rest_route=%2Fwp%2Fv2%2Fcategories&post=9484"},{"taxonomy":"post_tag","embeddable":true,"href":"https:\/\/diariotribuna.com.br\/index.php?rest_route=%2Fwp%2Fv2%2Ftags&post=9484"}],"curies":[{"name":"wp","href":"https:\/\/api.w.org\/{rel}","templated":true}]}}