{"id":9492,"date":"2021-04-23T04:35:26","date_gmt":"2021-04-23T07:35:26","guid":{"rendered":"https:\/\/diariotribuna.com.br\/?p=9492"},"modified":"2021-04-28T00:20:19","modified_gmt":"2021-04-28T03:20:19","slug":"movimento-do-jefersonianismo-e-a-defesa-da-liberdade","status":"publish","type":"post","link":"https:\/\/diariotribuna.com.br\/?p=9492","title":{"rendered":"MOVIMENTO DO JEFERSONIANISMO E A DEFESA DA LIBERDADE"},"content":{"rendered":"\n<h2 class=\"wp-block-heading\"><strong><strong>Os tra\u00e7os marcantes do menino do Mucuri<\/strong><\/strong><\/h2>\n\n\n\n<figure class=\"wp-block-gallery columns-3 is-cropped wp-block-gallery-1 is-layout-flex wp-block-gallery-is-layout-flex\"><ul class=\"blocks-gallery-grid\"><li class=\"blocks-gallery-item\"><figure><img loading=\"lazy\" decoding=\"async\" width=\"700\" height=\"677\" src=\"https:\/\/diariotribuna.com.br\/wp-content\/uploads\/2021\/04\/9-3.jpg\" alt=\"\" data-id=\"9501\" data-full-url=\"https:\/\/diariotribuna.com.br\/wp-content\/uploads\/2021\/04\/9-3.jpg\" data-link=\"https:\/\/diariotribuna.com.br\/?attachment_id=9501\" class=\"wp-image-9501\" srcset=\"https:\/\/diariotribuna.com.br\/wp-content\/uploads\/2021\/04\/9-3.jpg 700w, https:\/\/diariotribuna.com.br\/wp-content\/uploads\/2021\/04\/9-3-300x290.jpg 300w, https:\/\/diariotribuna.com.br\/wp-content\/uploads\/2021\/04\/9-3-696x673.jpg 696w, https:\/\/diariotribuna.com.br\/wp-content\/uploads\/2021\/04\/9-3-434x420.jpg 434w\" sizes=\"(max-width: 700px) 100vw, 700px\" \/><\/figure><\/li><li class=\"blocks-gallery-item\"><figure><img loading=\"lazy\" decoding=\"async\" width=\"700\" height=\"497\" src=\"https:\/\/diariotribuna.com.br\/wp-content\/uploads\/2021\/04\/1-4.jpg\" alt=\"\" data-id=\"9494\" data-link=\"https:\/\/diariotribuna.com.br\/?attachment_id=9494\" class=\"wp-image-9494\" srcset=\"https:\/\/diariotribuna.com.br\/wp-content\/uploads\/2021\/04\/1-4.jpg 700w, https:\/\/diariotribuna.com.br\/wp-content\/uploads\/2021\/04\/1-4-300x213.jpg 300w, https:\/\/diariotribuna.com.br\/wp-content\/uploads\/2021\/04\/1-4-100x70.jpg 100w, https:\/\/diariotribuna.com.br\/wp-content\/uploads\/2021\/04\/1-4-696x494.jpg 696w, https:\/\/diariotribuna.com.br\/wp-content\/uploads\/2021\/04\/1-4-592x420.jpg 592w\" sizes=\"(max-width: 700px) 100vw, 700px\" \/><\/figure><\/li><li class=\"blocks-gallery-item\"><figure><img loading=\"lazy\" decoding=\"async\" width=\"700\" height=\"538\" src=\"https:\/\/diariotribuna.com.br\/wp-content\/uploads\/2021\/04\/1c1e764f-f687-467c-ba98-e7e4cc7ab7a9.jpg\" alt=\"\" data-id=\"9495\" data-link=\"https:\/\/diariotribuna.com.br\/?attachment_id=9495\" class=\"wp-image-9495\" srcset=\"https:\/\/diariotribuna.com.br\/wp-content\/uploads\/2021\/04\/1c1e764f-f687-467c-ba98-e7e4cc7ab7a9.jpg 700w, https:\/\/diariotribuna.com.br\/wp-content\/uploads\/2021\/04\/1c1e764f-f687-467c-ba98-e7e4cc7ab7a9-300x231.jpg 300w, https:\/\/diariotribuna.com.br\/wp-content\/uploads\/2021\/04\/1c1e764f-f687-467c-ba98-e7e4cc7ab7a9-80x60.jpg 80w, https:\/\/diariotribuna.com.br\/wp-content\/uploads\/2021\/04\/1c1e764f-f687-467c-ba98-e7e4cc7ab7a9-696x535.jpg 696w, https:\/\/diariotribuna.com.br\/wp-content\/uploads\/2021\/04\/1c1e764f-f687-467c-ba98-e7e4cc7ab7a9-546x420.jpg 546w\" sizes=\"(max-width: 700px) 100vw, 700px\" \/><\/figure><\/li><li class=\"blocks-gallery-item\"><figure><img loading=\"lazy\" decoding=\"async\" width=\"828\" height=\"611\" src=\"https:\/\/diariotribuna.com.br\/wp-content\/uploads\/2021\/04\/2-4.jpg\" alt=\"\" data-id=\"9493\" data-link=\"https:\/\/diariotribuna.com.br\/?attachment_id=9493\" class=\"wp-image-9493\" srcset=\"https:\/\/diariotribuna.com.br\/wp-content\/uploads\/2021\/04\/2-4.jpg 828w, https:\/\/diariotribuna.com.br\/wp-content\/uploads\/2021\/04\/2-4-300x221.jpg 300w, https:\/\/diariotribuna.com.br\/wp-content\/uploads\/2021\/04\/2-4-768x567.jpg 768w, https:\/\/diariotribuna.com.br\/wp-content\/uploads\/2021\/04\/2-4-80x60.jpg 80w, https:\/\/diariotribuna.com.br\/wp-content\/uploads\/2021\/04\/2-4-696x514.jpg 696w, https:\/\/diariotribuna.com.br\/wp-content\/uploads\/2021\/04\/2-4-569x420.jpg 569w\" sizes=\"(max-width: 828px) 100vw, 828px\" \/><\/figure><\/li><li class=\"blocks-gallery-item\"><figure><img loading=\"lazy\" decoding=\"async\" width=\"700\" height=\"525\" src=\"https:\/\/diariotribuna.com.br\/wp-content\/uploads\/2021\/04\/6-3.jpg\" alt=\"\" data-id=\"9496\" data-link=\"https:\/\/diariotribuna.com.br\/?attachment_id=9496\" class=\"wp-image-9496\" srcset=\"https:\/\/diariotribuna.com.br\/wp-content\/uploads\/2021\/04\/6-3.jpg 700w, https:\/\/diariotribuna.com.br\/wp-content\/uploads\/2021\/04\/6-3-300x225.jpg 300w, https:\/\/diariotribuna.com.br\/wp-content\/uploads\/2021\/04\/6-3-80x60.jpg 80w, https:\/\/diariotribuna.com.br\/wp-content\/uploads\/2021\/04\/6-3-265x198.jpg 265w, https:\/\/diariotribuna.com.br\/wp-content\/uploads\/2021\/04\/6-3-696x522.jpg 696w, https:\/\/diariotribuna.com.br\/wp-content\/uploads\/2021\/04\/6-3-560x420.jpg 560w\" sizes=\"(max-width: 700px) 100vw, 700px\" \/><\/figure><\/li><li class=\"blocks-gallery-item\"><figure><img loading=\"lazy\" decoding=\"async\" width=\"700\" height=\"520\" src=\"https:\/\/diariotribuna.com.br\/wp-content\/uploads\/2021\/04\/8bd0dd56-c6cc-4b82-9b1f-7eef538e72bc.jpg\" alt=\"\" data-id=\"9497\" data-link=\"https:\/\/diariotribuna.com.br\/?attachment_id=9497\" class=\"wp-image-9497\" srcset=\"https:\/\/diariotribuna.com.br\/wp-content\/uploads\/2021\/04\/8bd0dd56-c6cc-4b82-9b1f-7eef538e72bc.jpg 700w, https:\/\/diariotribuna.com.br\/wp-content\/uploads\/2021\/04\/8bd0dd56-c6cc-4b82-9b1f-7eef538e72bc-300x223.jpg 300w, https:\/\/diariotribuna.com.br\/wp-content\/uploads\/2021\/04\/8bd0dd56-c6cc-4b82-9b1f-7eef538e72bc-80x60.jpg 80w, https:\/\/diariotribuna.com.br\/wp-content\/uploads\/2021\/04\/8bd0dd56-c6cc-4b82-9b1f-7eef538e72bc-265x198.jpg 265w, https:\/\/diariotribuna.com.br\/wp-content\/uploads\/2021\/04\/8bd0dd56-c6cc-4b82-9b1f-7eef538e72bc-696x517.jpg 696w, https:\/\/diariotribuna.com.br\/wp-content\/uploads\/2021\/04\/8bd0dd56-c6cc-4b82-9b1f-7eef538e72bc-565x420.jpg 565w\" sizes=\"(max-width: 700px) 100vw, 700px\" \/><\/figure><\/li><li class=\"blocks-gallery-item\"><figure><img loading=\"lazy\" decoding=\"async\" width=\"700\" height=\"465\" src=\"https:\/\/diariotribuna.com.br\/wp-content\/uploads\/2021\/04\/7-2.jpg\" alt=\"\" data-id=\"9499\" data-link=\"https:\/\/diariotribuna.com.br\/?attachment_id=9499\" class=\"wp-image-9499\" srcset=\"https:\/\/diariotribuna.com.br\/wp-content\/uploads\/2021\/04\/7-2.jpg 700w, https:\/\/diariotribuna.com.br\/wp-content\/uploads\/2021\/04\/7-2-300x199.jpg 300w, https:\/\/diariotribuna.com.br\/wp-content\/uploads\/2021\/04\/7-2-696x462.jpg 696w, https:\/\/diariotribuna.com.br\/wp-content\/uploads\/2021\/04\/7-2-632x420.jpg 632w\" sizes=\"(max-width: 700px) 100vw, 700px\" \/><\/figure><\/li><li class=\"blocks-gallery-item\"><figure><img loading=\"lazy\" decoding=\"async\" width=\"700\" height=\"492\" src=\"https:\/\/diariotribuna.com.br\/wp-content\/uploads\/2021\/04\/3fe858f7-a2dd-43bc-966e-93602242554b.jpg\" alt=\"\" data-id=\"9498\" data-link=\"https:\/\/diariotribuna.com.br\/?attachment_id=9498\" class=\"wp-image-9498\" srcset=\"https:\/\/diariotribuna.com.br\/wp-content\/uploads\/2021\/04\/3fe858f7-a2dd-43bc-966e-93602242554b.jpg 700w, https:\/\/diariotribuna.com.br\/wp-content\/uploads\/2021\/04\/3fe858f7-a2dd-43bc-966e-93602242554b-300x211.jpg 300w, https:\/\/diariotribuna.com.br\/wp-content\/uploads\/2021\/04\/3fe858f7-a2dd-43bc-966e-93602242554b-100x70.jpg 100w, https:\/\/diariotribuna.com.br\/wp-content\/uploads\/2021\/04\/3fe858f7-a2dd-43bc-966e-93602242554b-696x489.jpg 696w, https:\/\/diariotribuna.com.br\/wp-content\/uploads\/2021\/04\/3fe858f7-a2dd-43bc-966e-93602242554b-598x420.jpg 598w\" sizes=\"(max-width: 700px) 100vw, 700px\" \/><\/figure><\/li><li class=\"blocks-gallery-item\"><figure><img loading=\"lazy\" decoding=\"async\" width=\"700\" height=\"496\" src=\"https:\/\/diariotribuna.com.br\/wp-content\/uploads\/2021\/04\/8-2.jpg\" alt=\"\" data-id=\"9500\" data-link=\"https:\/\/diariotribuna.com.br\/?attachment_id=9500\" class=\"wp-image-9500\" srcset=\"https:\/\/diariotribuna.com.br\/wp-content\/uploads\/2021\/04\/8-2.jpg 700w, https:\/\/diariotribuna.com.br\/wp-content\/uploads\/2021\/04\/8-2-300x213.jpg 300w, https:\/\/diariotribuna.com.br\/wp-content\/uploads\/2021\/04\/8-2-100x70.jpg 100w, https:\/\/diariotribuna.com.br\/wp-content\/uploads\/2021\/04\/8-2-696x493.jpg 696w, https:\/\/diariotribuna.com.br\/wp-content\/uploads\/2021\/04\/8-2-593x420.jpg 593w\" sizes=\"(max-width: 700px) 100vw, 700px\" \/><\/figure><\/li><\/ul><figcaption class=\"blocks-gallery-caption\"><strong>Jeferson Botelho Pereira &#8211; <\/strong>Professor de Direito Penal e Processo Penal. Especializa\u00e7\u00e3o em Combate \u00e0 corrup\u00e7\u00e3o, Antiterrorismo e combate ao crime organizado pela Universidade de Salamanca &#8211; Espanha. Mestrando em Ci\u00eancias das Religi\u00f5es pela Faculdade Unida de Vit\u00f3ria\/ES. Advogado e autor de obras jur\u00eddicas. Palestrante.<\/figcaption><\/figure>\n\n\n\n<h4 class=\"has-text-align-center wp-block-heading\"><strong><span class=\"has-inline-color has-vivid-red-color\">A \u00fanica coisa que importa \u00e9 colocar em pr\u00e1tica, com sinceridade e seriedade, aquilo em que se acredita.&#8221; &#8211; Dalai Lama<\/span><\/strong><\/h4>\n\n\n\n<p><strong>Resumo.<\/strong> O presente texto tem por objetivo apresentar o movimento do Jefersoniano e a liberdade, como fatores agregadores de uma sociedade sedenta de liberdade e excessos de agress\u00f5es aos direitos humanos. Visa ainda traduzir uma s\u00edntese das aventuras do Menino do Mucuri que saiu de Te\u00f3filo Otoni para experimentar a cultura do mundo, trilhando, altaneiro, as emo\u00e7\u00f5es da vida p\u00fablica, descrevendo sua trajet\u00f3ria profissional por meio de uma leitura de tamanha leveza.<\/p>\n\n\n\n<p><strong>Palavras-chaves.<\/strong> Jefersonianismo; liberdade; direitos humanos; afirma\u00e7\u00f5es.<\/p>\n\n\n\n<p><strong>INTRODU\u00c7\u00c3O<\/strong><\/p>\n\n\n\n<p>\u00c9 normal conceituar restritivamente liberdade como sendo movimentos de ir e vir, al\u00e9m de permanecer, sem ser molestado na sua locomo\u00e7\u00e3o. Mas sabe-se que esse conceito de liberdade perpassa a esse conhecimento t\u00e3o simples assim, para descampar o entendimento tamb\u00e9m para a liberdade de express\u00e3o, de pensamento, liberdade art\u00edstica, liberdade religiosa, e quejando.<\/p>\n\n\n\n<p>Claro que n\u00e3o se pretende oferecer aqui um produto pronto e acabado, mas visa estudar um pouco mais al\u00e9m desses conceitos privatistas, para alcan\u00e7ar outras afirma\u00e7\u00f5es bem mais amplas, de forma que haja um verdadeiro alinhamento entre liberdade formal e liberdade material traduzida pela abertura de horizontes por meio de ensinamentos s\u00f3lidos capazes de tirar as vendas dos olhos do cidad\u00e3o ignorante.<\/p>\n\n\n\n<p>O conceito de liberdade passa, necessariamente, por afirma\u00e7\u00f5es daqueles conhecidos como her\u00f3is da liberdade, um deles, talvez o mais relevante, Thomas Jefferson, o terceiro presidente dos Estados Unidos, um dos mais influentes e respons\u00e1veis pela independ\u00eancia dos Estados Unidos. Uma b\u00fassola que direciona o caminho e quem se pretende percorrer veredas de lutas e guerras.<\/p>\n\n\n\n<p>E assim, vale ressaltar de in\u00edcio que jefersoniano \u00e9 aquele seguidor da doutrina relacionada \u00e0 ideologia republicana, e dessa forma, designa-se a quem segue a plataforma defensora das liberdades de Thomas Jefferson. Um homem livre deve respirar liberdade de pensamento para estancar a hemorragia da brutalidade, fazendo seu pensamento ecoar para al\u00e9m-fronteiras.<\/p>\n\n\n\n<p>Destarte, pretende-se vincular os conceitos atuais de liberdade com as ideias revolucion\u00e1rias de Thomas Jefferson, claro, sem car\u00e1ter exauriente e por fim, destacar\u00e3o as a\u00e7\u00f5es da vida profissional na Seguran\u00e7a P\u00fablica, nas atividades acad\u00eamicas, de car\u00e1ter jefersoniano do menino do Mucuri. Uma viagem de met\u00e1foras, emocionante, cujo leitor se regozijar\u00e1 com as hist\u00f3rias de um vencedor que saiu do Mucuri para alcan\u00e7ar o mundo.<\/p>\n\n\n\n<figure class=\"wp-block-gallery columns-3 is-cropped wp-block-gallery-2 is-layout-flex wp-block-gallery-is-layout-flex\"><ul class=\"blocks-gallery-grid\"><li class=\"blocks-gallery-item\"><figure><img loading=\"lazy\" decoding=\"async\" width=\"600\" height=\"598\" src=\"https:\/\/diariotribuna.com.br\/wp-content\/uploads\/2021\/04\/17.jpg\" alt=\"\" data-id=\"9503\" data-link=\"https:\/\/diariotribuna.com.br\/?attachment_id=9503\" class=\"wp-image-9503\" srcset=\"https:\/\/diariotribuna.com.br\/wp-content\/uploads\/2021\/04\/17.jpg 600w, https:\/\/diariotribuna.com.br\/wp-content\/uploads\/2021\/04\/17-300x300.jpg 300w, https:\/\/diariotribuna.com.br\/wp-content\/uploads\/2021\/04\/17-150x150.jpg 150w, https:\/\/diariotribuna.com.br\/wp-content\/uploads\/2021\/04\/17-421x420.jpg 421w\" sizes=\"(max-width: 600px) 100vw, 600px\" \/><\/figure><\/li><li class=\"blocks-gallery-item\"><figure><img loading=\"lazy\" decoding=\"async\" width=\"600\" height=\"399\" src=\"https:\/\/diariotribuna.com.br\/wp-content\/uploads\/2021\/04\/3-5.jpg\" alt=\"\" data-id=\"9504\" data-link=\"https:\/\/diariotribuna.com.br\/?attachment_id=9504\" class=\"wp-image-9504\" srcset=\"https:\/\/diariotribuna.com.br\/wp-content\/uploads\/2021\/04\/3-5.jpg 600w, https:\/\/diariotribuna.com.br\/wp-content\/uploads\/2021\/04\/3-5-300x200.jpg 300w\" sizes=\"(max-width: 600px) 100vw, 600px\" \/><\/figure><\/li><li class=\"blocks-gallery-item\"><figure><img loading=\"lazy\" decoding=\"async\" width=\"700\" height=\"976\" src=\"https:\/\/diariotribuna.com.br\/wp-content\/uploads\/2021\/04\/19.jpg\" alt=\"\" data-id=\"9506\" data-full-url=\"https:\/\/diariotribuna.com.br\/wp-content\/uploads\/2021\/04\/19.jpg\" data-link=\"https:\/\/diariotribuna.com.br\/?attachment_id=9506\" class=\"wp-image-9506\" srcset=\"https:\/\/diariotribuna.com.br\/wp-content\/uploads\/2021\/04\/19.jpg 700w, https:\/\/diariotribuna.com.br\/wp-content\/uploads\/2021\/04\/19-215x300.jpg 215w, https:\/\/diariotribuna.com.br\/wp-content\/uploads\/2021\/04\/19-696x970.jpg 696w, https:\/\/diariotribuna.com.br\/wp-content\/uploads\/2021\/04\/19-301x420.jpg 301w\" sizes=\"(max-width: 700px) 100vw, 700px\" \/><\/figure><\/li><\/ul><\/figure>\n\n\n\n<p><strong>1. A VIS\u00c3O DE THOMAS JEFERSON ACERCA DA LIBERDADE<\/strong><\/p>\n\n\n\n<p>A Declara\u00e7\u00e3o de Independ\u00eancia dos Estados Unidos foi escrita por&nbsp;<strong>Thomas Jefferson<\/strong>, sendo a <strong>independ\u00eancia <\/strong>declarada no dia&nbsp;<strong>4 de julho de 1776, colocando fim <\/strong>ao v\u00ednculo colonial que existia entre as&nbsp;Treze Col\u00f4nias, nome pelo qual a regi\u00e3o era conhecida nesse per\u00edodo e a Inglaterra. Dessa forma, os Estados Unidos transformaram-se na primeira na\u00e7\u00e3o do continente americano a ter sua independ\u00eancia.<\/p>\n\n\n\n<p><strong>Na parte exordial da Declara\u00e7\u00e3o, percebe-se claramente o pensamento de liberdade, de ruptura da opress\u00e3o, de libertar seu povo das correntes da arbitrariedade, assim, pontuando:<\/strong><\/p>\n\n\n\n<p style=\"font-size:12px\">Consideramos estas verdades como evidentes por si mesmas, que todos os homens s\u00e3o criados iguais, dotados pelo Criador de certos direitos inalien\u00e1veis, que entre estes est\u00e3o a vida, a liberdade e a procura da felicidade. Que a fim de assegurar esses direitos, governos s\u00e3o institu\u00eddos entre os homens, derivando seus justos poderes do consentimento dos governados; que, sempre que qualquer forma de governo se torne destrutiva de tais fins, cabe ao povo o direito de alter\u00e1-la ou aboli-la e instituir novo governo, baseando-o em tais princ\u00edpios e organizando-lhe os poderes pela forma que lhe pare\u00e7a mais conveniente para realizar-lhe a seguran\u00e7a e a felicidade. Na realidade, a prud\u00eancia recomenda que n\u00e3o se mudem os governos institu\u00eddos h\u00e1 muito tempo por motivos leves e passageiros; e, assim sendo, toda experi\u00eancia tem mostrado que os homens est\u00e3o mais dispostos a sofrer, enquanto os males s\u00e3o suport\u00e1veis, do que a se desagravar, abolindo as formas a que se acostumaram. Mas quando uma longa s\u00e9rie de abusos e usurpa\u00e7\u00f5es, perseguindo invariavelmente o mesmo objeto, indica o des\u00edgnio de reduzi-los ao despotismo absoluto, assistem-lhes o direito, bem como o dever, de abolir tais governos e instituir novos Guardi\u00e3es para sua futura seguran\u00e7a. Tal tem sido o sofrimento paciente destas col\u00f3nias e tal agora a necessidade que as for\u00e7a a alterar os sistemas anteriores de governo.<a href=\"#_ftn1\">[1]<\/a><\/p>\n\n\n\n<p><strong>Chamou-se a aten\u00e7\u00e3o acerca de uma jurisdi\u00e7\u00e3o insustent\u00e1vel, apelou-se para a justi\u00e7a natural e para a magnanimidade, permanecendo tamb\u00e9m surdos \u00e0 voz da justi\u00e7a e da consanguinidade:<\/strong><\/p>\n\n\n\n<p style=\"font-size:12px\">Tampouco deixamos de chamar a aten\u00e7\u00e3o de nossos irm\u00e3os brit\u00e2nicos. De tempos em tempos, os advertimos sobre as tentativas do Legislativo deles de estender sobre n\u00f3s uma jurisdi\u00e7\u00e3o insustent\u00e1vel. Lembramos-lhes das circunst\u00e2ncias de nossa migra\u00e7\u00e3o e estabelecimento aqui. Apelamos para a justi\u00e7a natural e para a magnanimidade, e conjuramo-los, pelos la\u00e7os de nosso parentesco comum, a repudiarem essas usurpa\u00e7\u00f5es que interromperiam, inevitavelmente, nossas liga\u00e7\u00f5es e a nossa correspond\u00eancia. Permaneceram tamb\u00e9m surdos \u00e0 voz da justi\u00e7a e da consanguinidade. Temos, portanto de aceitar a necessidade de denunciar nossa separa\u00e7\u00e3o e consider\u00e1-los, como consideramos o restante dos homens, inimigos na guerra e amigos na paz.<a href=\"#_ftn2\">[2]<\/a><\/p>\n\n\n\n<p style=\"font-size:11px\">[1] Declara\u00e7\u00e3o de Independ\u00eancia dos Estados Unidos da Am\u00e9rica. Dispon\u00edvel em <a href=\"http:\/\/www4.policiamilitar.sp.gov.br\/unidades\/dpcdh\/Normas_Direitos_Humanos\/DECLARA%C3%87%C3%83O%20DE%20INDEPENDENCIA%20DOS%20EUA%20-04%20de%20julho%20de%201776%20-%20PORTUGU%C3%8AS.pdf\">http:\/\/www4.policiamilitar.sp.gov.br\/unidades\/dpcdh\/Normas_Direitos_Humanos\/DECLARA%C3%87%C3%83O%20DE%20INDEPENDENCIA%20DOS%20EUA%20-04%20de%20julho%20de%201776%20-%20PORTUGU%C3%8AS.pdf<\/a>. Acesso em 21 de abril de 2021.<\/p>\n\n\n\n<p style=\"font-size:11px\">[2] DIEUA. (On line. 2021)<\/p>\n\n\n\n<p><strong>E por fim, o grito de liberdade ecoou nos ares das Col\u00f4nias, pelo her\u00f3i e estadista de um povo oprimido, na defesa de sua sagrada honra.<\/strong><\/p>\n\n\n\n<p style=\"font-size:12px\">N\u00f3s, por conseguinte, representantes dos ESTADOS UNIDOS DA AM\u00c9RICA, reunidos em CONGRESSO GERAL, apelando para o Juiz Supremo do mundo pela retid\u00e3o das nossas inten\u00e7\u00f5es, em nome e por autoridade do bom povo destas col\u00f3nias, publicamos e declaramos solenemente: que estas col\u00f3nias unidas s\u00e3o e de direito t\u00eam de ser ESTADOS LIVRES E INDEPENDENTES; que est\u00e3o desobrigados de qualquer vassalagem para com a Coroa Brit\u00e2nica, e que todo v\u00ednculo pol\u00edtico entre elas e a Gr\u00e3-Bretanha est\u00e1 e deve ficar totalmente dissolvido; e que, como ESTADOS LIVRES E INDEPENDENTES, t\u00eam inteiro poder para declarar a guerra, concluir a paz, contrair alian\u00e7as, estabelecer com\u00e9rcio e praticar todos os atos e a\u00e7\u00f5es a que t\u00eam direito os estados independentes. E em apoio desta declara\u00e7\u00e3o, plenos de firme confian\u00e7a na prote\u00e7\u00e3o da Divina Provid\u00eancia, empenhamos mutuamente nossas vidas, nossas fortunas e nossa sagrada honra.<a href=\"#_ftn3\">[3]<\/a><\/p>\n\n\n\n<p style=\"font-size:11px\">[3] DIEUA. (On line. 2021)<\/p>\n\n\n\n<p><strong>2. O CAR\u00c1TER JEFERSONIANO DO MENINO DO MUCURI<\/strong><\/p>\n\n\n\n<p class=\"has-text-align-left\"><strong><span class=\"has-inline-color has-black-color\">Voc\u00ea \u00e9 livre para fazer suas escolhas, mas \u00e9 prisioneiro das consequ\u00eancias. &nbsp;(Pablo Neruda)<\/span><\/strong><\/p>\n\n\n\n<p>Simplesmente assim, um menino nascido em 23 de abril, de fam\u00edlia humilde, filho da dona J\u00falia Botelho no distrito de Mucuri, em Te\u00f3filo Otoni, ber\u00e7o da liberdade, nas Minas Gerais, e logo se mudou para a cidade grande, tendo fixado resid\u00eancia no bairro Bela Vista, zona norte do munic\u00edpio.<\/p>\n\n\n\n<p>Estudou em escolas p\u00fablicas, a partir da Escola Sebasti\u00e3o Ramos, na Vila Ramos, Escola Municipal Dr. Sid\u00f4nio Otoni, o que lhe dava uma prospec\u00e7\u00e3o de liberdade, desenhava um cen\u00e1rio de transforma\u00e7\u00e3o, se livrando das amarras do ostracismo, um sinal de proje\u00e7\u00e3o para o mundo, amava uma linguagem estil\u00edstica, um zeugma, hip\u00e9rbole, preteri\u00e7\u00e3o, anacoluto, meton\u00edmia, catacrese, oximoro, eufemismo, al\u00e9m de outras. Gostava de brincar com as palavras, formando seus neologismos cl\u00e1ssicos, inicialmente para encantar os amigos de inf\u00e2ncia e de futebol do Surumaia, mas foi tomando corpo essa brincadeira, e logo se apaixonou por rios de constru\u00e7\u00f5es l\u00e9xicas, formando um oceano de paix\u00f5es, uma quimera exuberante de artes de express\u00e3o, uma nuvem de curiosidade se instalou na mente do jovem do Mucuri, uma estrela iluminou suas veredas, uma obscura de absurda claridade, e essa luminosidade estampou um caminho seguro que viesse a trilhar seus oce\u00e2nicos passos seguros.<\/p>\n\n\n\n<p>Mas agora antes de trilhar por sonhos inimagin\u00e1veis, tornou um art\u00edfice da moda, um alfaiate que vestiu grandes personalidades da regi\u00e3o, com inspira\u00e7\u00e3o na moda italiana e francesa.<\/p>\n\n\n\n<p>Al\u00e9m de modelar pessoas, estabelecendo um marketing pessoal, apreci\u00e1vel aos olhos do p\u00fablico, pretendia-se defender a sociedade, sempre propugnando pelos ideais de liberdade inspirado em Te\u00f3filo Benedito Otoni, um dos m\u00e1rtires da Revolu\u00e7\u00e3o Liberal de 1842 na batalh\u00e3o de Santa Luzia, no Brasil, e assim, ingressou nas fileiras da valiosa Pol\u00edcia Militar de Minas Gerais, no 19\u00ba Batalh\u00e3o, em 1985 como Solado de valor, homem da guerra pela paz, e assim, como Thomas Jeferson, tamb\u00e9m bradou <strong>\u201cn\u00f3s seremos soldados, assim nossos filhos podem ser fazendeiros e seus filhos podem ser artistas\u201d e dessa forma acreditava naquele momento da hist\u00f3ria de evolu\u00e7\u00e3o que \u201cquando voc\u00ea abandona a liberdade para obter seguran\u00e7a, perde os dois e n\u00e3o merece nenhum dos dois.\u201d<\/strong><\/p>\n\n\n\n<p><strong>Dessa forma, resoluto, seja rasgando as montanhas de Te\u00f3filo Otoni ou Jaboticatubas, em Minas Gerais, seguia entoando, altaneiro:<\/strong><\/p>\n\n\n\n<p>Filhos de minas,<br>Erguendo a voz,<br>Anos ap\u00f3s<br>Anos, lutaram<br>Pelas doutrinas<br>Que eles sonharam.<br>Rememoremos<br>Os sacrif\u00edcios<br>Desses patr\u00edcios<br>Desassombrados.<br>Fortes marchemos,<br>Eia, soldados!<br>Os passos desses her\u00f3is s\u00e3o far\u00f3is<br>Que seguran\u00e7a nos d\u00e3o<br>E raz\u00e3o,<br>(n\u00f3s) seguiremos e cada vez mais<br>Paz queremos em minas gerais.<\/p>\n\n\n\n<p>De iguais misteres,<br>Com a mesma hist\u00f3ria,<br>Somos a gl\u00f3ria,<br>Os descendentes<br>Do bravo alferes,<br>O Tiradentes.<br>No sangue temos<br>A nobre heran\u00e7a,<br>Toda a pujan\u00e7a<br>Dos conjurados.<br>Fortes marchemos,<br>Eia, soldados!<br>Os passos desses her\u00f3is<br>S\u00e3o far\u00f3is<br>Que seguran\u00e7a nos d\u00e3o<br>E raz\u00e3o,<br>(n\u00f3s) seguiremos<br>E cada vez mais<br>Paz queremos em minas gerais.<\/p>\n\n\n\n<p>Somos a aurora,<br>R\u00fatila chama,<br>Luz que derrama<br>Felicidade,<br>Brados de outrora,<br>Paz , liberdade.<br>Por isso honremos<br>Nossos var\u00f5es,<br>Pelas a\u00e7\u00f5es<br>J\u00e1 consagrados.<br>Fortes marchemos,<br>Eia, soldados!<br>Os passos desses her\u00f3is s\u00e3o far\u00f3is<br>Que seguran\u00e7a nos d\u00e3o<br>E raz\u00e3o,<br>(n\u00f3s) seguiremos<br>E cada vez mais<br>Paz queremos em Minas Gerais.<a href=\"#_ftn4\">[4]<\/a><\/p>\n\n\n\n<p>E assim, durante uma d\u00fazia de anos a fio, defendeu a Institui\u00e7\u00e3o de Tiradentes, honrou com galhardia a farda marrom, laborou com zelo e dedica\u00e7\u00e3o. Buscando sua plena liberdade, aquele menino do Mucuri agora se tornou Sargento e monitor da Companhia Escola do 19\u00ba Batalh\u00e3o, formando grandes homens para a vida, tendo sido o respons\u00e1vel por ensinar a tropa o T\u00edtulo II, destinado aos princ\u00edpios, direitos e garantas fundamentais do recente criado artigo 5\u00ba da Constitui\u00e7\u00e3o Federal de 1988, uma \u00e9poca de muta\u00e7\u00e3o e viv\u00eancia com novos valores, conceitos, rupturas, paradigmas, um desafio de um jovem que nasceu predestinado a vencer suas pr\u00f3prias limita\u00e7\u00f5es e ser o modelo de defesa da liberdade, dos ideais democr\u00e1ticos e das bases republicanas.<\/p>\n\n\n\n<p>Mas alguns acontecimentos foram registrados, estando certo o saudoso poeta Vander Lee, quando afirmava na sua bela melodia que a vida n\u00e3o s\u00e3o flores, todo mundo quer fazer sucesso, mas ningu\u00e9m quer pagar o pre\u00e7o. Todo mundo quer comer o fruto, mas ningu\u00e9m quer subir no tronco, todo mundo quer viver de amor, mas ningu\u00e9m quer o sacrif\u00edcio.<\/p>\n\n\n\n<p style=\"font-size:11px\">[4] PMMG. Can\u00e7\u00e3o da Pol\u00edcia Militar de Minas Gerais. Dispon\u00edvel em <a href=\"https:\/\/www.letras.mus.br\/pmmg\/cancao-da-policia-militar-de-minas-gerais\/\">https:\/\/www.letras.mus.br\/pmmg\/cancao-da-policia-militar-de-minas-gerais\/<\/a>. Acesso em 21 de abril de 2021.<\/p>\n\n\n\n<p><strong>Assim, estando em Jo\u00e3o Monlevade, retornando fardado de Belo Horizonte para o Vale do Mucuri<\/strong>, foi abordado por um bo\u00e7al S\u00edmbolo da hemorragia cerebral descontrolada numa famosa parada de \u00f4nibus da cidade, pensando que aquele jovem guerreiro estaria ali para \u201cderrubar\u201d uma refei\u00e7\u00e3o, ledo engando, sem fugir de sua \u00e9tica, ostentava nas m\u00e3os a comanda do valor, porque sempre se pautou com retid\u00e3o, com amor a fortaleza de car\u00e1ter, que sempre pensou que a \u00e9tica n\u00e3o deve ser encarada apenas e t\u00e3o somente como mero s\u00edmbolo, mas apan\u00e1gio da vida p\u00fablica. E para pior a situa\u00e7\u00e3o, o jovem Pra\u00e7a trazia nas m\u00e3os uma obra denominada como enfrentar audit\u00f3rio hostil, e naquele ambiente de circo e arquibancada da fama, o vetusto e ign\u00f3bil S\u00edmbolo da Hemorragia descompensada tentava ostentar sua for\u00e7a bruta, usando-se da hierarquia para menosprezar o ser humano. N\u00e3o se sabe o que aconteceu com essa praga, com esse embri\u00e3o acelerado, mas deve estar no ostracismo pelas bandas de Montes Claros.<\/p>\n\n\n\n<p><strong>Mas agora o menino do Mucuri \u00e9 aprovado no concorrido vestibular da Funda\u00e7\u00e3o Educacional Nordeste Mineiro \u2013 FENORD, em Te\u00f3filo Otoni, e ingressa no Curso de Direito em 1991<\/strong>, uma escada volante para se alcan\u00e7ar definitivamente seus ideais de liberdade. Concomitantemente com a dif\u00edcil vida na caserna, concluiu a gradua\u00e7\u00e3o em 1995, neste mesmo ano \u00e9 aprovado no Concurso para Delegado de Pol\u00edcia em Minas Gerais, mas como n\u00e3o havia conclu\u00eddo ainda a sua gradua\u00e7\u00e3o, n\u00e3o pode se matricular no curso de forma\u00e7\u00e3o e perde a oportunidade de ingressar na Pol\u00edcia Civil mineira. No ano seguinte, \u00e9 aprovado novamente neste mesmo concurso, e agora preenchendo todos os requisitos legais ingressa no curso de forma\u00e7\u00e3o e \u00e9 nomeado Delegado de Pol\u00edcia de Minas Gerais, assumindo a titularidade da Delegacia de Repress\u00e3o a Furtos e Roubos na Delegacia de Furtos e Roubos em Te\u00f3filo Otoni, sua cidade de origem.<\/p>\n\n\n\n<p>Neste momento, depois de aproximadamente 04 anos a frente da Especializada contra o Patrim\u00f4nio, novos desafios vieram, agora no incisivo combate aos crimes de Homic\u00eddios, tr\u00e1fico il\u00edcito de drogas e implac\u00e1vel combate ao crime organizado. Em 2005, a cidade de Te\u00f3filo Otoni vivia horrores, alarmada e apavorada com os registros de 77 homic\u00eddios por ano, as pessoas com medo de sa\u00edrem \u00e0s ruas, a disputa dos rivais e conflitos pela domina\u00e7\u00e3o do territ\u00f3rio do crime, balas pedidas, medo, pavor, tiros em pra\u00e7a p\u00fablica em pleno desfile c\u00edvico. A investiga\u00e7\u00e3o correndo em sil\u00eancio e sigilosamente, a ponto de um renomado jornalista da cidade afirmar que a Pol\u00edcia Civil de Te\u00f3filo Otoni estava toda de f\u00e9rias.<\/p>\n\n\n\n<p>Mas o que ningu\u00e9m menos esperava foi quando no in\u00edcio de uma manh\u00e3, aparentemente calma e tranquila, a Pol\u00edcia Civil se ocupou da cidade com as chaves do munic\u00edpio, o Dr. Isaias Pontes no comando das a\u00e7\u00f5es, com todo aparato b\u00e9lico e policial, com toda matem\u00e1tica log\u00edstica, helic\u00f3pteros riscando os c\u00e9us da cidade, criminosos dominados, armas apreendidas, drogas apreendidas, enfim, a inesquec\u00edvel Opera\u00e7\u00e3o G\u00eanesis em 2005 foi o in\u00edcio de uma nova era operacional em Minas Gerais. Aqui o marco hist\u00f3rico da cidade do Amor Fraterno na Seguran\u00e7a P\u00fablica, e o menino do Mucuri ali sendo festejado pela grande fa\u00e7anha lograda, juntamente com todos os seus colegas de servi\u00e7o.<\/p>\n\n\n\n<p>Um grande golpe contra o Crime organizado no munic\u00edpio e a hist\u00f3ria escrita de forma indel\u00e9vel. Ningu\u00e9m mais vai apagar isso, goste ou n\u00e3o, inclusive, serviu de tema de TCC em trabalhos acad\u00eamicos de alunos de Universidades em Minas Gerais.<\/p>\n\n\n\n<p><strong>Em 2016, foi desencadeada a Opera\u00e7\u00e3o \u00eaxodos, <\/strong>tamb\u00e9m um marco na hist\u00f3ria da cidade de Te\u00f3filo Otoni, com repercuss\u00e3o na imprensa do Estado conforme informa\u00e7\u00f5es abaixo:<\/p>\n\n\n\n<p><strong>MEGAOPERA\u00c7\u00c3O CONTRA O TR\u00c1FICO PRENDE 41.<\/strong> A\u00e7\u00e3o iniciada em abril contou com a participa\u00e7\u00e3o de cem policiais e desmantelou grupo que agia a partir de Te\u00f3filo Otoni.<\/p>\n\n\n\n<p><strong>TE\u00d3FILO OTONI<\/strong> &#8220;Terminou na madrugada de ontem, com a pris\u00e3o de 41 pessoas, a megaopera\u00e7\u00e3o de combate ao narcotr\u00e1fico e ao crime organizado realizada pela Pol\u00edcia Civil, na cidade de Te\u00f3filo Otoni, no Vale do Mucuri.<\/p>\n\n\n\n<p>Os detidos s\u00e3o acusados de delitos como tr\u00e1fico de drogas, lavagem de dinheiro, estelionato e homic\u00eddios. Cerca de cem policiais civis &#8221; de Belo Horizonte, Governador Valadares e Te\u00f3filo Otoni &#8221; atuaram na a\u00e7\u00e3o batizada de \u00caxodus.<\/p>\n\n\n\n<p><strong>De acordo com o delegado regional de Te\u00f3filo Otoni, Isa\u00edas Pontes de Melo,<\/strong> a opera\u00e7\u00e3o come\u00e7ou a ser planejada em abril de 2006 e cumpriu seu principal objetivo: desarticular uma numerosa quadrilha de tr\u00e1fico de drogas instalada em Te\u00f3filo Otoni e com atua\u00e7\u00e3o em v\u00e1rias cidades da regi\u00e3o, al\u00e9m de Belo Horizonte, S\u00e3o Paulo e no sul da Bahia.<\/p>\n\n\n\n<p>A investiga\u00e7\u00e3o teve como base v\u00e1rias escutas telef\u00f4nicas, al\u00e9m da quebra de sigilo banc\u00e1rio dos envolvidos. No total, foram 63 mandados de pris\u00e3o expedidos pela Justi\u00e7a. Al\u00e9m das pris\u00f5es, a Pol\u00edcia Civil apreendeu com o grupo v\u00e1rios celulares, duas balan\u00e7as de precis\u00e3o, tr\u00eas ve\u00edculos e motos, pedras preciosas e drogas &#8221; 3,7 kg coca\u00edna e 2,5 kg de maconha.<\/p>\n\n\n\n<p><strong>Segundo o delegado titular da divis\u00e3o de T\u00f3xicos e Entorpecentes de Te\u00f3filo Otoni, Jeferson Botelho<\/strong>, a quadrilha chegava a movimentar R$ 120 mil por semana com o tr\u00e1fico de drogas. Ele seria o bra\u00e7o respons\u00e1vel pelo abastecimento de drogas comercializadas pela quadrilha em Belo Horizonte, principalmente na Pedreira Prado Lopes e no Cafezal.<a href=\"#_ftn5\">[5]<\/a><\/p>\n\n\n\n<p>As opera\u00e7\u00f5es policiais foram realizadas n\u00e3o somente em Te\u00f3filo Otoni, mas em toda a regi\u00e3o, como na Opera\u00e7\u00e3o \u00c1guas Claras, realizada no munic\u00edpio de \u00c1guas Formosas\/MG em 2009, que desarticulou uma rede de com\u00e9rcio de drogas e crimes de homic\u00eddio, com ramifica\u00e7\u00f5es em S\u00e3o Paulo e Bahia. As a\u00e7\u00f5es repercutiram em todo o Brasil, a saber:<\/p>\n\n\n\n<p><strong>Pol\u00edcia de MG prende 21 suspeitos de tr\u00e1fico de drogas.<\/strong><\/p>\n\n\n\n<p>A Pol\u00edcia Civil de Minas Gerais prendeu, nesta sexta-feira, 21 pessoas que pertenceriam a uma quadrilha de de tr\u00e1fico de drogas na regi\u00e3o nordeste do Estado, al\u00e9m de cidades da Bahia, Mato Grosso e S\u00e3o Paulo. Outros tr\u00eas adolescentes foram apreendidos. A Opera\u00e7\u00e3o \u00c1guas Belas foi desencadeada em \u00c1guas Formosas, Te\u00f3filo Otoni e Governador Valadares, em Minas Gerais; em S\u00e3o Paulo, capital; e em Nova Vi\u00e7osa, no sul da Bahia.<\/p>\n\n\n\n<p>Ainda de acordo com o delegado, a quadrilha aliciava policiais e agentes &#8220;para auxiliarem nas a\u00e7\u00f5es il\u00edcitas&#8221;. &#8220;Este grupo \u00e9 apontado como respons\u00e1vel pelos altos \u00edndices de criminalidade naquela regi\u00e3o e por uma extensa cadeia de crimes cometidos naquela cidade (\u00c1guas Formosas), que v\u00e3o desde furtos e roubos at\u00e9 homic\u00eddios e chacinas, tudo fomentado pelo tr\u00e1fico de drogas&#8221;, concluiu.<\/p>\n\n\n\n<p>Na opera\u00e7\u00e3o, foram detidos ainda um policial civil e um agente penitenci\u00e1rio. Eles n\u00e3o tiveram os nomes divulgados. Os policiais apreenderam com os criminosos 1,614 kg de maconha, tr\u00eas autom\u00f3veis, armas e telefones celulares.<\/p>\n\n\n\n<p>Todos os suspeitos ser\u00e3o denunciados por tr\u00e1fico de drogas e associa\u00e7\u00e3o ao tr\u00e1fico. Se condenados, podem cumprir pena de at\u00e9 15 anos de cadeia.<a href=\"#_ftn6\">[6]<\/a><\/p>\n\n\n\n<p>Ainda na regi\u00e3o, destaca-se a atua\u00e7\u00e3o do Menino do Mucuri nas apura\u00e7\u00f5es do crime do autor Ad\u00e3o Rocha, da regi\u00e3o de Ladainha\/MG, que matou seus 05(cinco) filhos menores numa mata da regi\u00e3o, fato que causou grande repercuss\u00e3o na m\u00eddia nacional.<\/p>\n\n\n\n<p style=\"font-size:11px\">[5] O TEMPO. Dispon\u00edvel em <a href=\"https:\/\/www.otempo.com.br\/cidades\/megaoperacao-contra-o-trafico-prende-41-1.320101\">https:\/\/www.otempo.com.br\/cidades\/megaoperacao-contra-o-trafico-prende-41-1.320101<\/a>. Acesso em 21 de abril de 2021.<\/p>\n\n\n\n<p style=\"font-size:11px\">[6] PORTAL TERRA. Pol\u00edcia de MG prende 21 suspeitos de tr\u00e1fico de drogas. Dispon\u00edvel em <a href=\"https:\/\/www.terra.com.br\/noticias\/brasil\/policia\/policia-de-mg-prende-21-suspeitos-de-trafico-de-drogas,d6284be994e4b310VgnCLD200000bbcceb0aRCRD.html\">https:\/\/www.terra.com.br\/noticias\/brasil\/policia\/policia-de-mg-prende-21-suspeitos-de-trafico-de-drogas,d6284be994e4b310VgnCLD200000bbcceb0aRCRD.html<\/a>. Acesso em 22 de abril de 2021.<\/p>\n\n\n\n<p><strong>LAVRADOR DE MG \u00c9 ACUSADO DE MATAR 5 FILHOS.<\/strong><\/p>\n\n\n\n<p>O lavrador Ad\u00e3o Rocha Ferreira, 48, \u00e9 o principal suspeito de ter matado cinco de seus sete filhos, em Minas Gerais. Ferreira tamb\u00e9m \u00e9 acusado de ter ferido gravemente duas outras filhas, E.M.R, 15, e M.M.R., 17.<\/p>\n\n\n\n<p>Os corpos das cinco crian\u00e7as, que tinham entre 3 e 11 anos, foram encontrados anteontem, j\u00e1 em estado de decomposi\u00e7\u00e3o, pelo lavrador Geraldo Magela Gomes, em uma mata de dif\u00edcil acesso na zona rural de Ladainha, munic\u00edpio pr\u00f3ximo a Te\u00f3filo Otoni (451 km de Belo Horizonte).<\/p>\n\n\n\n<p>At\u00e9 ontem \u00e0 noite, Ferreira estava sendo procurado por 30 homens das Pol\u00edcias Civil e Militar de Te\u00f3filo Otoni e Malacacheta.<\/p>\n\n\n\n<p><strong>Mau cheiro<\/strong> &#8211; Geraldo Gomes encontrou os corpos ao sentir o mau cheiro. Ele achou tamb\u00e9m no local dois cachorros mortos e pendurados em \u00e1rvores, cerca de 5 kg de farinha, uma rapadura e uma chaleira com um l\u00edquido. &#8220;Se a gente o encontrar, \u00e9 capaz at\u00e9 de dar trabalho para fazer per\u00edcia&#8221;, disse Gomes, devido \u00e0 revolta dos moradores.<\/p>\n\n\n\n<p>A Justi\u00e7a de Te\u00f3filo Otoni decretou a pris\u00e3o preventiva de Ferreira ontem. Segundo o delegado Jeferson Pereira, que preside o inqu\u00e9rito, a suspeita \u00e9 que as crian\u00e7as tenham sido envenenadas, j\u00e1 que n\u00e3o apresentavam sinais de espancamento.<\/p>\n\n\n\n<p>Os alimentos encontrados no local e as v\u00edsceras das v\u00edtimas foram enviados a Belo Horizonte, onde ser\u00e1 realizada per\u00edcia para a determina\u00e7\u00e3o da causa das mortes.<\/p>\n\n\n\n<p>O crime aconteceu h\u00e1 dez dias, em 5 de janeiro, quando Ferreira se desentendeu com a fam\u00edlia e agrediu duas filhas com golpes de machado na cabe\u00e7a.<\/p>\n\n\n\n<p>A mulher do lavrador e m\u00e3e das cinco crian\u00e7as mortas, Josefina Moreira Rocha, fugiu da casa, com medo de ser agredida.<\/p>\n\n\n\n<p>O lavrador trancou as filhas feridas em casa e saiu com as cinco crian\u00e7as -Laurete Moreira Rocha, 3, Joana Rocha Ferreira, 5, J\u00falio Moreira Rocha, 6, Jo\u00e3o Rocha Ferreira dos Santos, 8, e Jos\u00e9 Lico Rocha Ferreira, 11- em dire\u00e7\u00e3o \u00e0 mata.<\/p>\n\n\n\n<p>As adolescentes conseguiram fugir e foram internadas em dois hospitais de Te\u00f3filo Otoni, em estado grave. Ontem, os hospitais informaram que o estado de sa\u00fade delas era est\u00e1vel, mas n\u00e3o havia previs\u00e3o de alta. No dia 6, policiais de Ladainha foram \u00e0 casa do lavrador, mas n\u00e3o o encontraram.<\/p>\n\n\n\n<p>&#8220;Ele era muito ruim para a gente&#8221;, disse Josefina. Ela n\u00e3o soube dizer qual foi o motivo da raiva do marido e afirmou temer que ele volte para mat\u00e1-la. M\u00e1rcio Alves Gon\u00e7alves, irm\u00e3o de Ferreira, disse que n\u00e3o tem d\u00favidas de que o lavrador \u00e9 o autor do crime. &#8220;Foi ele mesmo, com certeza.&#8221;<a href=\"#_ftn7\">[7]<\/a><\/p>\n\n\n\n<p>Mas talvez tenha sido mesmo o in\u00edcio de uma \u00e9poca memor\u00e1vel na cidade, porque um tempo depois esse menino do Mucuri, amante da liberdade estava na tr\u00edplice divisa Brasil, Paraguai e Argentina, comandando a inesquec\u00edvel Opera\u00e7\u00e3o Apocalipse, prendeu traficantes de Minas Gerais, desarticulou uma rede internacional do crime organizado, e no aeroporto de Confins em Belo Horizonte com toda sua equipe de policiais afirmava que <em>\u201co crime se estabelece onde o Estado se mostra ausente\u201d.<\/em><\/p>\n\n\n\n<p style=\"font-size:11px\">[7] JORNAL FOLHA DE S\u00c3O PAULO. Lavrador de MG \u00e9 acusado de matar 5 filhos. Dispon\u00edvel em <a href=\"https:\/\/www1.folha.uol.com.br\/fsp\/cotidian\/ff15019910.htm\">https:\/\/www1.folha.uol.com.br\/fsp\/cotidian\/ff15019910.htm<\/a>. Acesso em 22 de abril de 2021.<\/p>\n\n\n\n<p><strong>3. A CHEFIA DA DELEGACIA REGIONAL DE GOVERNADOR VALADARES<\/strong><\/p>\n\n\n\n<p>Numa sexta-feira, o menino do Mucuri estava de Plant\u00e3o na Regional de Te\u00f3filo Otoni, por volta das 20 horas, quando recebeu uma liga\u00e7\u00e3o telef\u00f4nica do ent\u00e3o Superintendente de Investiga\u00e7\u00e3o de Pol\u00edcia Judici\u00e1ria da Pol\u00edcia Civil de Minas Gerais Dr. Gustavo Botelho, o que de in\u00edcio levou um grande susto, n\u00e3o era comum receber uma liga\u00e7\u00e3o de um membro do Conselho Superior da Pol\u00edcia Civil, e ali, depois de verificar de que n\u00e3o se tratava de um trote, a autoridade do Egr\u00e9gio Conselho virou e disse ao Menino do Mucuri, que ele assumiria a Regional de uma importante cidade de Minas Gerais e que n\u00e3o haveria necessidade de mudar nem mesmo o n\u00famero do celular porque o DDD seria 033, e logo o MM \u2013 Menino do Mucuri pensou na simp\u00e1tica Nanuque, se esquecendo de outros munic\u00edpios com o mesmo DDD, e logo o Superintendente informou que seria Governador Valadares, cuja informa\u00e7\u00e3o n\u00e3o poderia ser repassada a ningu\u00e9m at\u00e9 a publica\u00e7\u00e3o do ato no Di\u00e1rio Oficial que seria a meia noite daquele mesmo dia.<\/p>\n\n\n\n<p>Desesperado, o menino do Mucuri, por fidelidade, comentou o fato ao Dr. Isaias Pontes, e ato cont\u00ednuo se dirigiu ao bairro Filad\u00e9lfia, e em profunda ansiedade, contou ao amigo investigador de Pol\u00edcia, Carlos Alberto, a quem o convidou para ser o seu Inspetor de Investigador em Governador Valadares, mas seu amigo alegou problemas de sa\u00fade na fam\u00edlia, a esposa dele, perita Adriana estava lutando contra uma enfermidade incur\u00e1vel, e por isso n\u00e3o poderia aceitar o convite. Claro, plenamente justificado. A perita Adriana era amada por todos, exemplo de profissional que enalteceu a Pol\u00edcia Civil e coloriu a vida com sua bela presen\u00e7a entre n\u00f3s, infelizmente, partiu muito cedo, quer\u00edamos mais desfrutar da presen\u00e7a dela em nosso meio, mas Deus sabe de todas as coisas.<\/p>\n\n\n\n<p>Cabisbaixo, o menino do Mucuri se dirigiu a sua casa para dividir a honrosa miss\u00e3o com sua maior confidente, o amor de sua vida, esposa Beth, que sempre o apoiou nas miss\u00f5es, ali mesmo depois das informa\u00e7\u00f5es recebidas, hipotecou irrestrito apoio, e j\u00e1 come\u00e7ou a preparar as malas de viagem para o embarque ao Vale do Rio Doce.<\/p>\n\n\n\n<p>Chegando em Governador Valadares, a princesa do Vale do Rio Doce, Figueira do Vale, logo esse menino fixa resid\u00eancia ali mesmo pr\u00f3ximo \u00e0 Delegacia Regional, no bairro de Lourdes, e come\u00e7a a escrever uma nova hist\u00f3ria na sua vida. Uma Unidade problem\u00e1tica, com incid\u00eancia de desvio de conduta de alguns servidores, problemas grav\u00edssimos em alguns setores, aliado ao alto \u00edndice de homic\u00eddios, tr\u00e1fico il\u00edcito de drogas, crime organizado, e um sistema de justi\u00e7a criminal desunido, individualista, vaidoso, gente que se afirmava ser o pr\u00f3prio Deus, um emaranhado de vaidades de gente arrogante e sem no\u00e7\u00e3o.<\/p>\n\n\n\n<p>Em contrapartida, um grupo de policiais civis que honram e dignificam a Institui\u00e7\u00e3o, profissionais de valor, homens de car\u00e1ter, abnegados, gente diferenciada no cumprimento da miss\u00e3o.<\/p>\n\n\n\n<p>Mas no seu estilo de minero, o novo gestor come\u00e7a a mostrar o seu valor. Sabe aquelas opera\u00e7\u00f5es realizadas em Te\u00f3filo Otoni? O menino come\u00e7a a estancar a hemorragia do crime organizado na cidade, opera\u00e7\u00f5es de repress\u00e3o qualificada, como aquela noticiada pelo Portal O Tempo, em 24 de agosto de 2011, <em>in verbis:<\/em><\/p>\n\n\n\n<p><strong>POLICIAIS VASCULHAM RUAS DE GOVERNADOR VALADARES.<\/strong> Helic\u00f3ptero foi usado para auxiliar no cumprimento de 93 mandados.<\/p>\n\n\n\n<p style=\"font-size:12px\">\u201c(&#8230;) Principal cidade do Vale do Rio Doce, Governador Valadares amanheceu ontem tomada por policiais militares e civis que participaram de uma opera\u00e7\u00e3o conjunta de combate \u00e0 criminalidade. Ruas de 25 bairros do munic\u00edpio foram vasculhadas por 120 viaturas e 650 policiais que cumpriram 93 mandados de busca e apreens\u00e3o.<\/p>\n\n\n\n<p style=\"font-size:12px\">Durante a opera\u00e7\u00e3o Ves\u00favio, considerada a maior j\u00e1 realizada na cidade, 12 pessoas foram presas. Entre elas est\u00e3o suspeitos de homic\u00eddios, traficantes de drogas e suspeitos de latroc\u00ednio, forma\u00e7\u00e3o de quadrilha e roubo. No total, foram apreendidos sete armas, drogas, muni\u00e7\u00f5es de diversos calibres e mais de R$ 3.000 em dinheiro.<\/p>\n\n\n\n<p style=\"font-size:12px\">De acordo com o delegado regional do 8\u00ba Departamento de Pol\u00edcia Civil, Jeferson Botelho, a opera\u00e7\u00e3o foi desencadeada ap\u00f3s 90 dias de investiga\u00e7\u00f5es da a\u00e7\u00e3o dos criminosos, principalmente de traficantes. Botelho explicou que o confronto entre gangues rivais que disputam o comando do tr\u00e1fico de drogas provocou uma onda de homic\u00eddios na cidade.<\/p>\n\n\n\n<p style=\"font-size:12px\">Dados apresentados pelo delegado apontam que de janeiro a agosto deste ano, 82 pessoas foram assassinadas em Valadares. No mesmo per\u00edodo do ano passado, foram 70 homic\u00eddios.<\/p>\n\n\n\n<p style=\"font-size:12px\">Segundo Botelho, apesar do n\u00famero considerado pequeno de pris\u00f5es e apreens\u00f5es, o resultado da opera\u00e7\u00e3o foi positivo. &#8220;O fato de a pol\u00edcia estar presente e provocar essa inquieta\u00e7\u00e3o no crime organizado \u00e9 uma maneira de inibir a a\u00e7\u00e3o desses criminosos&#8221;.<\/p>\n\n\n\n<p style=\"font-size:12px\">Durante a opera\u00e7\u00e3o, um helic\u00f3ptero deu apoio \u00e0 a\u00e7\u00e3o dos policiais que seguiam por terra ajudados por c\u00e3es farejadores. Entre os locais vistoriados estavam casas de traficantes e suspeitos de homic\u00eddios. Uma ch\u00e1cara chegou a ser vasculhada pelos policiais, mas nada foi encontrado no local. Os suspeitos presos foram encaminhados para a cadeia p\u00fablica de Governador Valadares e o material apreendido para a Delegacia Regional(&#8230;)\u201d<\/p>\n\n\n\n<p style=\"font-size:12px\">Al\u00e9m da Opera\u00e7\u00e3o Ves\u00favio, outras tantas foram deflagradas na cidade e regi\u00e3o, como Romanos, S\u00e3o Geraldo, Momo, Assepsia, Pessach, Pelicano, Ratoeira, al\u00e9m de outras.<\/p>\n\n\n\n<p><strong>4. A CHEGADA NA CHEFIA DO 2\u00ba DEPARTAMENTO DE POL\u00cdCIA CIVIL EM CONTAGEM.<\/strong><\/p>\n\n\n\n<p>Aos dez dias ap\u00f3s ter sido promovido a Delegado de Pol\u00edcia n\u00edvel Geral da carreira, por merecimento, sem necessidade de ficar correndo atr\u00e1s de chefias e de ficar puxando o saco de pol\u00edticos para ser promovido, e isso pode ser comprovado abertamente, caso algum leitor queira contestar essa informa\u00e7\u00e3o, esse menino do Mucuri estava trabalhando normalmente na Delegacia Regional de Pol\u00edcia Civil em Governador quando recebeu um telefonema do ent\u00e3o Superintendente de Investiga\u00e7\u00f5es de Pol\u00edcia Judici\u00e1ria, Dr. Gustavo Botelho, sem nenhum la\u00e7o parentesco com este relator, informando que poderia arrumar as malas para apresentar em Contagem, onde assumiria a chefia do 2\u00ba Departamento de Pol\u00edcia Civil.<\/p>\n\n\n\n<p>Sem titubear, arrumou a bagagem e no dia seguinte estava desembarcando na RMBH, assumindo efetivamente a chefia do 2\u00ba Departamento de Pol\u00edcia Civil, um dos mais importante do Estado em termo de impacto de crimes violentos. A partir de ent\u00e3o, al\u00e9m de Contagem, o menino de Mucuri tinha sob sua responsabilidade, Contagem, Betim, Ribeir\u00e3o das Neves, Ibirit\u00e9, Juatuba, Esmeralda, Bonfim, Piedade das Gerais, Igarap\u00e9, S\u00e3o Joaquim de Bicas, Mateus Leme, Brumadinho, Sarzedo, al\u00e9m de outros.<\/p>\n\n\n\n<p>Tendo assumido a chefia do citado Departamento, logo veio a primeira dificuldade. Todo mundo desconfiado, porque estaria assumindo a Chefia, algu\u00e9m vindo do interior de Minas, um sotaque estranho, o menino era chamado de baiano. Bastou a convoca\u00e7\u00e3o de uma reuni\u00e3o com todo o efetivo do Departamento de Pol\u00edcia, marcado para a C\u00e2mara Municipal de Contagem, onde esse menino do Mucuri abordando tem\u00e1tica sobre o combate ao crime organizado, e tudo se resolveu ali mesmo. Pensaram que o menino era bobo.<\/p>\n\n\n\n<p>Em Contagem, esse menino do Mucuri desencadeou in\u00fameros opera\u00e7\u00f5es de repress\u00e3o qualificada, exerceu incisivo combate ao tr\u00e1fico il\u00edcito de drogas, combateu o crime de homic\u00eddios, realizou diversas palestras de preven\u00e7\u00e3o a drogas, em entidades educacionais, policiais, faculdades, e at\u00e9 em churrascarias.<\/p>\n\n\n\n<p>Destaque-se a deflagra\u00e7\u00e3o da Opera\u00e7\u00e3o Metamorfose, em Igarap\u00e9, que desarticulou uma quadrilha organizada, conforme se v\u00ea abaixo:<\/p>\n\n\n\n<p style=\"font-size:12px\">Opera\u00e7\u00e3o Metamorfose \u00e9 realizada em Igarap\u00e9 Na ter\u00e7a-feira (5\/6), foi realizada, pela Delegacia de Igarap\u00e9, a Opera\u00e7\u00e3o Metamorfose, para cumprir 15 mandados de pris\u00e3o e de busca e apreens\u00e3o no munic\u00edpio. Foram empenhadas 13 equipes, com quatro policiais civis cada, al\u00e9m uma equipe do Grupo de Opera\u00e7\u00f5es Especiais (GOE) e uma equipe do Canil da Pol\u00edcia Civil. De acordo com o chefe do 2\u00ba Departamento, delegado Jeferson Botelho, a opera\u00e7\u00e3o teve como objetivo reprimir o tr\u00e1fico de drogas e a criminalidade. \u201cA Opera\u00e7\u00e3o Metamorfose foi fruto de intenso trabalho de intelig\u00eancia policial, com monitoramento dos alvos h\u00e1 cerca de dois meses\u201d, ressaltou.<a href=\"#_ftn8\">[8]<\/a><\/p>\n\n\n\n<p>Como tudo foi ocorrendo naturalmente em sua vida profissional, sem bajula\u00e7\u00f5es, sem estrelismos, mais uma vez, se destacou no combate ao crime em Minas Gerais, agora trabalhando numa regi\u00e3o de maior visibilidade.<\/p>\n\n\n\n<p style=\"font-size:11px\">[8] IGARAP\u00c9. Opera\u00e7\u00e3o Metaformose. Dispon\u00edvel em <a href=\"file:\/\/\/C:\\Users\\jefer\\Downloads\\noticia.pdf\">file:\/\/\/C:\/Users\/jefer\/Downloads\/noticia.pdf<\/a>. Acesso em 21 de abril de 2021.<\/p>\n\n\n\n<p><strong>5. A ASSUN\u00c7\u00c3O NA CHEFIA DA SUPERINTEND\u00caNCIA DE INVESTIGA\u00c7\u00c3O E POL\u00cdCIA JUDICI\u00c1RIA DE MINAS GERAIS<\/strong><\/p>\n\n\n\n<p><strong>Agora mais um cap\u00edtulo se escreve, uma nova hist\u00f3ria na vida deste Menino do Mucuri.<\/strong> Como s\u00f3i acontecer, num dia qualquer, uma rotina profissional, estava no banheiro de sua casa, aparando a barba, \u00e0s 06 horas, se preparando para o trabalho de rotina, o telefone ligado em cima da pia no banheiro social. Quando de repente, o telefone toca, e no visor do aparelho aparece o n\u00famero do Chefe de Pol\u00edcia Civil de Minas Gerais, Dr. Cylton Brand\u00e3o da Mata, e claro, imediatamente um tremendo susto, e logo o pensamento, meu Deus, ser\u00e1 que fiz alguma coisa errada!<\/p>\n\n\n\n<p><strong>O Menino do Mucuri atendeu ao telefone, e logo o chefe dizia que queria conversar com o jovem Delegado de Pol\u00edcia, no gabinete dele<\/strong>, na Cidade Administrativa em Belo Horizonte, naquele mesmo dia e que ele fosse direto para o gabinete do Chefe. E assim, logo vieram sentimentos de medo, a desconfian\u00e7a, afinal de contas, nunca havia falado com um Chefe de Pol\u00edcia. Imediatamente, houve brusca mudan\u00e7a de planos, o terno que vestiria naquele dia n\u00e3o era mais o mesmo, o sapato tamb\u00e9m era outro, a gravata foi selecionada, enfim, o marketing pessoal deveria ser o melhor, e agora estava indo falar com o Chefe de pol\u00edcia.<\/p>\n\n\n\n<p><strong>Chegando no gabinete do Chefe de Pol\u00edcia, foi anunciado a sua presen\u00e7a para a Secret\u00e1ria que fica bem de frente ao gabinete do Chefe<\/strong>. O menino de Mucuri chegou, o cumprimentou com toda cortesia que merece um Chefe de Pol\u00edcia, e n\u00e3o era simplesmente um Chefe qualquer, era o Dr. Cylton Brand\u00e3o da Mata, pessoa respeitada e honrada, que logo em poucas conversas disse que tinha um novo desafio, uma nova miss\u00e3o e logo informou ao Menino do Mucuri que ele seria o mais novo Superintendente de investiga\u00e7\u00f5es e Pol\u00edcia Judici\u00e1ria de Minas Gerais, e que o ato administrativo seria publicado naquele mesmo dia no Di\u00e1rio Oficial do Estado. Isso lhe causou enorme surpresa, pois nunca tinha imaginado um dia chegar a essa posi\u00e7\u00e3o nobre, Superintendente de Pol\u00edcia e Membro do Egr\u00e9gio Conselho Superior da Pol\u00edcia Civil de Minas Gerais.<\/p>\n\n\n\n<p>Essa conversa aconteceu de manh\u00e3, e durante todo o dia, n\u00e3o pode comentar com ningu\u00e9m acerca desse convite. Ainda no gabinete da Chefia, muito surpreso com toda aquela situa\u00e7\u00e3o, o menino do Mucuri perguntou ao Chefe: <strong><em>Por que o seu nome foi escolhido para ser o Superintendente da Pol\u00edcia Civil, sem que tivesse trocado ao menos uma palavra, sem que o chefe o conhecesse? &nbsp;<\/em><\/strong><\/p>\n\n\n\n<p>Ao que o Chefe de Pol\u00edcia respondeu: &#8211; Al\u00e9m de ser Delegado de Pol\u00edcia, conhe\u00e7o pessoas em Te\u00f3filo Otoni, Governador Valadares e Contagem, e conhecendo pessoas, como investigador de pol\u00edcia que tamb\u00e9m sou, logo te conhe\u00e7o tamb\u00e9m.<\/p>\n\n\n\n<p>Retornando muito feliz para continuar aquele dia de trabalho em Contagem, teve que ficar calado, at\u00e9 que por volta das 21 horas, quando o menino do Mucuri ligou para o seu Inspetor Geral de Investigador, Valter Passos, profissional de reconhecido respeito, confian\u00e7a, e lhe disse que precisava conversar um assunto. Valter Passos estava na casa dele, pr\u00f3ximo \u00e0 PUC de Contagem, e a\u00ed o menino do Mucuri se dirigiu a casa dele para contar tudo sobre esse convite recebido, j\u00e1 que faltavam horas apenas para a publica\u00e7\u00e3o do ato no Di\u00e1rio Oficial. Ali mesmo foi uma alegria imensa, ensaiou-se uma pequena confraterniza\u00e7\u00e3o, quando outra vez, o seu telefone do Menino do Mucuri toca novamente, era de novo o Chefe de Pol\u00edcia, que perguntou-lhe: <strong>voc\u00ea tem algum envolvendo pol\u00edtico com algum partido? &nbsp;<\/strong><\/p>\n\n\n\n<p>Claro que a resposta foi negativa, o Menino do Mucuri odeia pol\u00edtica partid\u00e1ria, nunca precisou de pol\u00edtica para conquistar o seu espa\u00e7o. O Chefe perguntou pela segunda vez, e agora indaga se ele tinha uma foto com um candidato a prefeito de Belo Horizonte, do Partido dos Trabalhadores, tipo com os bra\u00e7os estendidos numa esp\u00e9cie de venera\u00e7\u00e3o ao candidato, claro que a resposta mais uma vez foi negativa, mesmo porque esse Menino de Mucuri reafirma que n\u00e3o gosta de pol\u00edtica partid\u00e1ria, nunca alimentou sonhos por cargos pol\u00edticos.<\/p>\n\n\n\n<p><strong>Outro fato relevante deve ser contado nesse enredo.<\/strong> Tinha uma galera da Pol\u00edcia de Te\u00f3filo Otoni trabalhando a produ\u00e7\u00e3o do Filme Letras do Crime. O Menino do Mucuri estava na cidade acompanhando o Chefe de Pol\u00edcia numa solenidade de posse de um Chefe de Departamento. A galera da Pol\u00edcia ent\u00e3o pediu ao Chefe da Pol\u00edcia permiss\u00e3o para filmar o helic\u00f3ptero da PC que estava estacionando, com motor desligado, no aeroporto da cidade, seria simplesmente fazer uma imagem de um equipamento p\u00fablico, nada mais al\u00e9m disso. Todo mundo tem celular, e pode fotografar qualquer coisa que esteja posto publicamente. Recebida a permiss\u00e3o, imagens foram realizadas, de um equipamento de dom\u00ednio p\u00fablico, mas chegando em BH, um servidor que pretendia ardentemente assumir a chefia de Pol\u00edcia e que tinha uma rela\u00e7\u00e3o de amizade com uma rep\u00f3rter fracassada de uma rede de TV, ent\u00e3o essa rep\u00f3rter, de posse da not\u00edcia, sem trabalhar a informa\u00e7\u00e3o, tentou vincular a imagem que os policiais fizeram do helic\u00f3ptero \u00e0 produ\u00e7\u00e3o do filme. Coisas engendradas por pessoas desse tipo que almejam alcan\u00e7ar cargos derrubando os outros.<\/p>\n\n\n\n<p><strong>Tudo isso passou. Claro que o Menino do Mucuri, agora j\u00e1 no exerc\u00edcio do cargo de Superintendente de Investiga\u00e7\u00f5es<\/strong>, numa visita ao Chefe de Pol\u00edcia, foi-lhe mostrado uma foto de uma pessoa com um candidato a prefeito de Belo Horizonte, e desta feita afirmou que n\u00e3o se tratava da pessoa dele, embora muito parecida. Vida que segue, o mais novo Superintendente de Investiga\u00e7\u00f5es e Pol\u00edcia Judici\u00e1ria se dirige ao seu novo gabinete e come\u00e7a suas atividades a frente da nova Pasta, mas confessa que ficou muito intrigado com aquela situa\u00e7\u00e3o da foto, muito triste, porque imaginava que tinha algu\u00e9m fazendo alguma armadilha, uma montagem e uma casinha se caboclo para ele, e de forma despretensiosa, comenta esse momento de ang\u00fastia com o Inspetor geral, investigador de Pol\u00edcia Carlos.<\/p>\n\n\n\n<p><strong>E mais uma vez, o menino do Mucuri que n\u00e3o chegou em Belo Horizonte para demonstrar o ponto fraco de sua f\u00e9,<\/strong> mas motivo pelo amor de Deus come\u00e7a a trabalhar arduamente. Come\u00e7a a coordenar as principais a\u00e7\u00f5es da Pol\u00edcia Civil em Minas Gerais, combate ao tr\u00e1fico de drogas, ao crime de homic\u00eddio, e uma implac\u00e1vel investiga\u00e7\u00e3o no Estado de Minas, em parceria com outros Estados lim\u00edtrofes da Federa\u00e7\u00e3o para o incisivo combate aos crimes de estouros de caixas eletr\u00f4nicos em toda Minas Gerais, n\u00e3o dando sucesso ao chamado Novo Canga\u00e7o, a exemplo do que ocorreu na exitosa e maior Opera\u00e7\u00e3o da hist\u00f3ria de Minas para combate a essa modalidade de crimes, na cidade de Itamontes, em parceria com policiais de S\u00e3o Paulo.<\/p>\n\n\n\n<p><strong>Outra ocorr\u00eancia de destaque foi o resgate de uma crian\u00e7a no Rio de Janeiro<\/strong> que havia sido sequestrada em frente \u00e0 esta\u00e7\u00e3o rodovi\u00e1ria, no centro de Belo Horizonte. Dias depois do fato, o Menino do Mucuri desembarcava no aeroporto Santos Dumont no Rio de Janeiro para trazer a crian\u00e7a de volta para Minas Gerais.<\/p>\n\n\n\n<p><strong>Em seu portf\u00f3lio de realiza\u00e7\u00f5es na SIPJ,<\/strong> consta a desarticula\u00e7\u00e3o da principal organiza\u00e7\u00e3o criminosa do Brasil de venda de vagas em Vestibular de Medicina, com a pris\u00e3o de v\u00e1rios criminosos, a\u00e7\u00f5es que mereceram destaques nos principais meios de comunica\u00e7\u00e3o do pa\u00eds.<\/p>\n\n\n\n<p><strong>No Portal hoje em Dia, destacou:<\/strong> Quadrilha presa por fraude em vestibulares vendia vaga em Medicina por at\u00e9 R$ 140 mil em MG e RJ. <strong>Hoje em Dia. <\/strong>03\/12\/2013 &#8211; 17h25 &#8211; Atualizado 04h59<\/p>\n\n\n\n<p style=\"font-size:12px\">A quadrilha que foi presa durante opera\u00e7\u00e3o contra a venda de vagas nos cursos de Medicina em faculdades particulares de Minas Gerais e do Rio de Janeiro cobrava entre R$ 30 mil a R$ 140 mil por cada comercializa\u00e7\u00e3o ilegal. Vinte e um integrantes do grupo, que chegou a lucrar pelo menos R$ 3 milh\u00f5es, foram presos nesta ter\u00e7a-feira (3), durante a a\u00e7\u00e3o, feita pela Pol\u00edcia Civil e intitulada de &#8220;Hemostase&#8221;. O nome foi dado em alus\u00e3o ao procedimento m\u00e9dico para conter hemorragias. A opera\u00e7\u00e3o foi iniciada h\u00e1 oito meses pela Delegacia Regional de Caratinga, no Vale do A\u00e7o. A sede da comarca judicial expediu 21 mandados de pris\u00e3o e outros 32 de busca e apreens\u00e3o. Uma equipe de 180 policiais se dividiu entre 17 cidades de Minas e do Rio de Janeiro, utilizando 38 viaturas e um helic\u00f3ptero. \u201cAs pris\u00f5es e apreens\u00f5es fecham uma etapa importante da investiga\u00e7\u00e3o, mas o trabalho n\u00e3o termina aqui. Pelo contr\u00e1rio, vamos aprofundar os levantamentos a fim de solidificar ainda mais a nossa convic\u00e7\u00e3o de que desvendamos um esquema criminoso altamente rent\u00e1vel e que permitia a entrada de profissionais despreparados no mercado da Medicina\u201d, disse o superintendente de Investiga\u00e7\u00f5es e Pol\u00edcia Judici\u00e1ria, delegado Jeferson Botelho, que supervisionou a a\u00e7\u00e3o.<a href=\"#_ftn9\">[9]<\/a><\/p>\n\n\n\n<p>A opera\u00e7\u00e3o tamb\u00e9m mereceu reportagem da Equipe do Fant\u00e1stico, que exibiu toda a mat\u00e9ria para o Brasil.<\/p>\n\n\n\n<p style=\"font-size:12px\">\u201c(&#8230;) um dos chefes da quadrilha e ostentava o luxo conquistado com fraudes nos vestibulares nos vestibulares de Medicina e no Enem. O esquema foi desmantelado pela pol\u00edcia(&#8230;)<a href=\"#_ftn10\">[10]<\/a><\/p>\n\n\n\n<p>Foram as in\u00fameras a\u00e7\u00f5es efetivas na Seguran\u00e7a P\u00fablica de Minas Gerais, talvez o maior deles, o planejamento estrat\u00e9gico da Copa do Mundo no Brasil, em 2014, com Minas Gerais sendo subsede da Copa, recebendo sele\u00e7\u00f5es importantes como a da Argentina, Uruguai e Chile. \u00c9 certo que rolou um banquete de ci\u00fames nas a\u00e7\u00f5es, afinal de contas a presen\u00e7a do menino do Mucuri incomodava muita gente, mas tudo aconteceu dentro da normalidade prevista.<\/p>\n\n\n\n<p><strong>Outro tra\u00e7o marcante foi a gest\u00e3o p\u00fablica apostando na for\u00e7a da Mulher \u00e0 frente de in\u00fameras Unidades da Pol\u00edcia Civil de Minas Gerais<\/strong>, como aconteceu nas cidades de Governador Valadares, Juiz de Fora, Ipatinga, Juatuba, Ribeir\u00e3o das Neves, Conselheiro Lafaiete, al\u00e9m de outras que na sua gest\u00e3o, assumiram a miss\u00e3o relevante como sendo as primeiras mulheres a assumiram as Delegacias Regionais de Pol\u00edcia Civil. &nbsp;Na sua gest\u00e3o, criou o NAVICRADI, a primeira Unidade Policial de combate a crimes de discrimina\u00e7\u00e3o racial, intoler\u00e2ncia e outras formas de discrimina\u00e7\u00e3o.<\/p>\n\n\n\n<p>Tamb\u00e9m na sua gest\u00e3o a frente da Superintend\u00eancia de Investiga\u00e7\u00e3o e Pol\u00edcia Judici\u00e1ria, criou a primeira Unidade de combate a crimes contra animais, e atendendo a uma longa reivindica\u00e7\u00e3o, criou e inaugurou a Delegacia Regional da importante cidade de Nova Serrana.<\/p>\n\n\n\n<p><strong>Outro fato importante ocorrido em sua miss\u00e3o na Pol\u00edcia Civil de Minas Gerais, foi fazer parte da equipe de cria\u00e7\u00e3o da Resolu\u00e7\u00e3o Normativa das Delegacias Especializadas de Atendimento \u00e0 Mulher \u2013 DEAMs em Minas Gerais.<\/strong><\/p>\n\n\n\n<p>O leitor atento se lembra da foto com o suposto candidato a prefeito de Belo Horizonte. Pois bem. Num belo dia, estando em seu gabinete, o menino de Mucuri recebe uma liga\u00e7\u00e3o do Inspetor geral, o investigador Carlinhos, dizendo que havia localizado o mo\u00e7o da fotografia e se poderia lev\u00e1-lo ao seu gabinete. Claro, n\u00e3o demorou muito tempo, estava ali na sua frente o s\u00f3sia do menino do Mucuri que efetivamente estava com o candidato a Prefeito de Belo Horizonte pelo Partido dos Trabalhadores.<\/p>\n\n\n\n<p>Tratava-se de um jornalista e apresentador do programa Minas ao Luar, um Projeto do SESC de valoriza\u00e7\u00e3o da m\u00fasica brasileira em parceria com a Rede Globo de Televis\u00e3o. Nesse momento, o menino do Mucuri e o apresentador do Programa Minas ao Luar posaram-se para uma sess\u00e3o de fotos, e tudo ficou esclarecido, que na verdade, tudo foi inventado por um canalhocrata de plant\u00e3o, era mais um invejoso, cheio de maldades querendo destruir o futuro de um profissional s\u00e9rio e comprometido com os ideais de liberdade, amante da \u00e9tica, um homem verdadeiramente ungido por Deus.<\/p>\n\n\n\n<p style=\"font-size:11px\">[9] PORTAL HOJE EM DIA. Dispon\u00edvel em <a href=\"https:\/\/www.hojeemdia.com.br\/horizontes\/quadrilha-presa-por-fraude-em-vestibulares-vendia-vaga-em-medicina-por-at%C3%A9-r-140-mil-em-mg-e-rj-1.225782\">https:\/\/www.hojeemdia.com.br\/horizontes\/quadrilha-presa-por-fraude-em-vestibulares-vendia-vaga-em-medicina-por-at%C3%A9-r-140-mil-em-mg-e-rj-1.225782<\/a>. Acesso em 21 de abril de 2021.<\/p>\n\n\n\n<p style=\"font-size:11px\">[10] PROGRAMA FANT\u00c1STICO. Dispon\u00edvel em <a href=\"https:\/\/globoplay.globo.com\/v\/3800413\/\">https:\/\/globoplay.globo.com\/v\/3800413\/<\/a>. Acesso em 21 de abril de 2021.<\/p>\n\n\n\n<p><strong>6. A MUDAN\u00c7A DE GOVERNO E A CHEFIA DE POL\u00cdCIA CIVIL EM MINAS GERAIS.<\/strong><\/p>\n\n\n\n<p>Com a mudan\u00e7a de governo, em 2015, logo vieram as especula\u00e7\u00f5es em torno do novo nome que assumiria a Chefia de Pol\u00edcia Civil de Minas Gerais. Em raz\u00e3o do trabalho muito proativo prestado pelo Menino do Mucuri em todas os cargos que exerceu na Pol\u00edcia Civil de Minas, \u00e9 natural que o seu nome fosse lembrado para essa miss\u00e3o nobre. Com as intercorr\u00eancias que todos sabem que acontecem, \u00e0s vezes com acusa\u00e7\u00f5es infundadas, an\u00f4nimas, fruto de quem n\u00e3o tem car\u00e1ter, mais uma vez, o Menino do Mucuri se viu numa situa\u00e7\u00e3o eminentemente constrangedora.<\/p>\n\n\n\n<p>O Menino do Mucuri foi chamado \u00e0 Assembleia Legislativa de Minas Gerais para uma conversa com um deputado estadual do PT, partido que havia vencido as elei\u00e7\u00f5es naquela ocasi\u00e3o. Chegando no gabinete desse deputado, a contragosto, j\u00e1 se afirmou n\u00e3o gostar desse povo, o menino do Mucuri entrou e se sentou numa cadeira no gabinete do parlamentar que falava ao telefone fixo da Casa parlamentar, com um interlocutor desconhecido.<\/p>\n\n\n\n<p>Os dois falavam alto, o deputado alegava que estava com disenteria e por isso estava \u201ccagando nas cal\u00e7as\u201d, exatamente esse o termo utilizado pelo nobre parlamentar. Terminada aquela conversa sem futuro, desagrad\u00e1vel, o parlamentar nem pediu ao Menino do Mucuri para se assentar, foi logo dizendo que o seu trabalho era muito bom, mas que o Menino do Mucuri era vinculado ao governo que perdeu as elei\u00e7\u00f5es e por isso n\u00e3o tinha espa\u00e7o no governo do Partido dos Trabalhadores.<\/p>\n\n\n\n<p>Ao ouvir essa asneira vomitada da boca imunda daquele parlamentar, simplesmente, o Menino do Mucuri pediu licen\u00e7a e foi embora, sem nada dizer, j\u00e1 que na porta de entrada da Assembleia Legislativa um amigo Procurador de Justi\u00e7a lhe esperava para uma carona de volta.<\/p>\n\n\n\n<p><strong>7. A TRAJET\u00d3RIA ACAD\u00caMICA DO MENINO DO MUCURI<\/strong><\/p>\n\n\n\n<p><strong>A hist\u00f3ria de vida acad\u00eamica do Menino do Mucuri come\u00e7a com um fato interessante no Brasil<\/strong>. Em 1997, a imprensa brasileira estampava nos principais notici\u00e1rios os atos de viol\u00eancia de parte de policiais militares de S\u00e3o Paulo numa blitz, que acabam por torturar e matar um trabalhador abordado, tudo filmado com detalhes. Na \u00e9poca, tramitava no Congresso Nacional um Projeto de Lei que visava criminalizar a tortura, imperativo constitucional, art.5\u00ba, inciso XLIII, CF\/88, e mesmo porque o Brasil \u00e9 signat\u00e1rio de alguns Tratados Internacionais de Direitos Humanos que orientam a puni\u00e7\u00e3o para essa pr\u00e1tica hedionda no pa\u00eds, a exemplo da CONVEN\u00c7\u00c3O CONTRA A TORTURA E OUTROS TRATAMENTOS<br>OU PENAS CRU\u00c9IS, DESUMANOS OU DEGRADANTES, ratificada pelo Decreto n\u00ba 40, de 15 de fevereiro de 1991.<\/p>\n\n\n\n<p>Um tempo depois, esse projeto de lei \u00e9 votado, aprovado e publicado, nascendo a Lei de Tortura no Brasil, Lei n\u00ba 9.455, de 1997. Depois desse epis\u00f3dio, abre um campo de discuss\u00e3o sobre a real finalidade da Justi\u00e7a Militar no Brasil. Nesse mesmo contexto, o Menino do Mucuri tinha rec\u00e9m terminado o Curso de Delegado de Pol\u00edcia na Academia de Pol\u00edcia Civil de Minas Gerais, e retornava para Te\u00f3filo Otoni. Sendo egresso da Pol\u00edcia Militar de Minas Gerais, o Menino do Mucuri foi chamado para ministrar uma palestra na Faculdade de Direito de Te\u00f3filo Otoni \u2013 FENORD, sobre a Justi\u00e7a Castrense no Brasil.<\/p>\n\n\n\n<p>O Menino do Mucuri ministrou a palestra e retornando para o seu trabalho na Delegacia de Furtos e Roubos. At\u00e9 a\u00ed tudo bem. Pouco tempo depois, num final das atividades acad\u00eamicas na citada Faculdade, o Professor de Processo Penal quebrou o p\u00e9 e a Institui\u00e7\u00e3o de Ensino Superior necessitou de um professor para substituir e ent\u00e3o o Menino do Mucuri foi convidado para ministrar aproximadamente dois meses de aulas sobre Direito Penitenci\u00e1rio, isso em 1997. Depois desses dois meses de aula, o Menino do Mucuri se efetivou na doc\u00eancia do ensino superior, permanecendo por mais de 15 anos lecionando na FENORD, a frente da c\u00e1tedra de Teoria Geral do Processo, Direito Penal, parte geral, Legisla\u00e7\u00e3o Especial, Institui\u00e7\u00f5es de Direito P\u00fablico e Privado, nas Faculdade de Direito e Administra\u00e7\u00e3o.<\/p>\n\n\n\n<p>Tamb\u00e9m lecionou nas Faculdades Doctum, em Te\u00f3filo Otoni, ministrando as disciplinas de Direito Penal e Processo penal. O menino do Mucuri tamb\u00e9m ministra aulas de Direito Penal e Combate ao Crime Organizado para o Curso de P\u00f3s-Gradua\u00e7\u00e3o em Direito Penal e Processo Penal nas Faculdades Est\u00e1cio de S\u00e1, em Belo Horizonte, e FADIVALE, em Governador Valadares.<\/p>\n\n\n\n<p>Atualmente, \u00e9 professor de Cursinhos preparat\u00f3rios para a carreira Policial, em Belo Horizonte e Te\u00f3filo Otoni. Tamb\u00e9m, \u00e9 professor licenciado da Faculdade Presidente Ant\u00f4nio Carlos \u2013 UNIPAC, campus Te\u00f3filo Otoni, onde leciona as disciplinas de Direito Penal, parte geral e especial, Processo Penal.<\/p>\n\n\n\n<p>O Menino do Mucuri ainda possui especializa\u00e7\u00e3o em Combate \u00e0 corrup\u00e7\u00e3o, crime organizado e Antiterrorismo pela Universidad DSalamanca, Espanha, 40\u00aa curso de Especializa\u00e7\u00e3o em Direito. Mestrando em Ci\u00eancias das Religi\u00f5es pela Faculdade Unida de Vit\u00f3ria\/ES. Participa\u00e7\u00e3o no 1\u00ba Estado Social, neoliberalismo e desenvolvimento social e econ\u00f4mico, Universidad DSalamanca, 19\/01\/2017, Espanha, 2017. Participa\u00e7\u00e3o no 2\u00ba Taller Desenvolvimento social numa sociedade de Risco e as novas Amea\u00e7as aos Direitos Fundamentais, 24\/01\/2017, Universidad DSalamanca, Espanha, 2017. Participa\u00e7\u00e3o no 3\u00ba Taller A solu\u00e7\u00e3o de conflitos no \u00e2mbito do Direito Privado, 26\/01\/2017, Universidad DSalamanca, Espanha, 2017. Jornada Internacional Comjib-VSAL EL espa\u00e7o jur\u00eddico ibero-americano: Oportunidades e Desafios Compartidos. Participa\u00e7\u00e3o no Semin\u00e1rio A rela\u00e7\u00e3o entre Uni\u00e3o Europeia e Am\u00e9rica Latina, em 23 de janeiro de 2017. Apresenta\u00e7\u00e3o em Taller Avan\u00e7o Social numa Sociedade de Risco e a prote\u00e7\u00e3o dos direitos fundamentais, celebrado em 24 de janeiro de 2017. Doutorando em Ci\u00eancias Jur\u00eddicas e Sociais pela Universidad Del Museo Social Argentino, Buenos Aires \u2013 Argentina, autor do Livro Tr\u00e1fico e Uso Il\u00edcitos de Drogas: Atividade sindical complexa e amea\u00e7a transnacional, Editora JHMIZUNO, Participa\u00e7\u00e3o no Livro: Lei n\u00ba 12.403\/2011 na Pr\u00e1tica &#8211; Altera\u00e7\u00f5es da Novel legisla\u00e7\u00e3o e os Delegados de Pol\u00edcia, Participa\u00e7\u00e3o no Livro Coment\u00e1rios ao Projeto do Novo C\u00f3digo Penal PLS n\u00ba 236\/2012, Editora Impetus, Participa\u00e7\u00e3o no Livro Atividade Policial, 6\u00aa Edi\u00e7\u00e3o, Autor Rog\u00e9rio Greco, Coautor do Livro Manual de Processo Penal, 2015, 1\u00aa Edi\u00e7\u00e3o Editora D\u00b4Pl\u00e1cido, Autor do Livro Elementos do Direito Penal, 1\u00aa edi\u00e7\u00e3o, Editora D\u00b4Pl\u00e1cido, Belo Horizonte, 2016. Coautor do Livro RELEITURA DE CASOS C\u00c9LEBRES. Julgamento complexo no Brasil. Editora Conhecimento &#8211; Belo Horizonte. Ano 2020. Articulista em Revistas Jur\u00eddicas, Professor em Cursos preparat\u00f3rios para Concurso P\u00fablico, palestrante em Semin\u00e1rios e Congressos. &nbsp;<\/p>\n\n\n\n<p><strong>\u00c9 advogado criminalista em Minas Gerais. OAB\/MG. Condecora\u00e7\u00f5es: <\/strong>Medalha da Inconfid\u00eancia Mineira em Ouro Preto em 2013, conferida pelo Governo do Estado, Medalha de M\u00e9rito Legislativo da Assembleia Legislativa de Minas Gerais, 2013, Medalha Santos Dumont, conferida pelo Governo do Estado de Minas Gerais, em 2013, Medalha Circuito das \u00c1guas, em 2014, Conferida Conselho da Medalha de S\u00e3o Louren\u00e7o\/MG. Medalha Garimpeiro do ano de 2013, em Te\u00f3filo Otoni, Medalha Sesquicenten\u00e1ria em Te\u00f3filo Otoni. Medalha Imperador Dom Pedro II, do Corpo de Bombeiros, 29\/08\/2014, Medalha Gilberto Porto, Grau Ouro, pela Academia de Pol\u00edcia Civil em Belo Horizonte &#8211; 2015, Medalha do M\u00e9rito Estudantil da UETO &#8211; Uni\u00e3o Estudantil de Te\u00f3filo Otoni, junho\/2016, T\u00edtulo de Cidad\u00e3o Honor\u00e1rio de Governador Valadares\/MG, em 2012, Contagem\/MG em 2013 e Belo Horizonte\/MG, em 2013.<\/p>\n\n\n\n<p>Autor do livro Tr\u00e1fico e Uso Il\u00edcitos de Drogas: atividade sindical complexa e amea\u00e7a transnacional (JH Mizuno). Participa\u00e7\u00e3o nos livros: &#8220;Lei 12.403\/2011 na Pr\u00e1tica &#8211; Altera\u00e7\u00f5es da Novel legisla\u00e7\u00e3o e os Delegados de Pol\u00edcia&#8221;, &#8220;Coment\u00e1rios ao Projeto do Novo C\u00f3digo Penal PLS 236\/2012&#8221;, e &#8220;Atividade Policial&#8221; (coord. Prof. Rog\u00e9rio Greco), da Impetus. Articulista em Revistas Jur\u00eddicas.<\/p>\n\n\n\n<p><strong>CONSIDERA\u00c7\u00d5ES FINAIS<\/strong><\/p>\n\n\n\n<p><strong>Os grandes feitos s\u00e3o conseguidos n\u00e3o pela for\u00e7a, mas pela perseveran\u00e7a. <\/strong><strong>(Samuel Johnson)<\/strong><\/p>\n\n\n\n<p><em>O in\u00edcio deste pequeno texto se deu abordando as ideias do her\u00f3i da liberdade, Thomas Jefferson. E numa segunda parte, discorreu-se sobre a forma de alcan\u00e7ar a liberdade adotada pelo Menino do Mucuri, que logo cedo, na sua adolesc\u00eancia, aprendeu-se com o dec\u00e1logo do idealizador da Independ\u00eancia dos Estados Unidos, que n\u00e3o s\u00e3o as riquezas nem o esplendor, e sim a tranquilidade e o trabalho, os que proporcionam a felicidade<\/em>. Que resist\u00eancia aos tiranos \u00e9 obedi\u00eancia a Deus, e para os problemas de estilo, nade com a corrente; para os problemas de princ\u00edpios, seja firme como um rochedo.<\/p>\n\n\n\n<p>Destarte, n\u00e3o \u00e9 a riqueza nem a pompa, mas a tranquilidade e a ocupa\u00e7\u00e3o que d\u00e3o felicidade. Quando um homem assume uma fun\u00e7\u00e3o p\u00fablica, deve considerar-se propriedade do p\u00fablico. Quando os homens s\u00e3o puros, as leis s\u00e3o desnecess\u00e1rias; quando s\u00e3o corruptos, as leis s\u00e3o in\u00fateis. Jurei, perante o altar de Deus, eterna hostilidade a toda forma de tirania sobre o esp\u00edrito do homem. O pre\u00e7o da liberdade \u00e9 a vigil\u00e2ncia eterna. Espero que a nossa sabedoria cres\u00e7a com a nossa for\u00e7a, e que nos ensine que quanto menos usamos nossa for\u00e7a, maior ela ser\u00e1 e por fim, o rid\u00edculo \u00e9 a \u00fanica arma que pode ser usada contra proposi\u00e7\u00f5es inintelig\u00edveis.<\/p>\n\n\n\n<p>Ficou claramente definida parte da pequena hist\u00f3ria do Menino do Mucuri, que al\u00e9m de tudo que foi exposto, com inequ\u00edvoca demonstra\u00e7\u00e3o de sua estrat\u00e9gia para perseguir a liberdade, \u00e0s vezes teve que restringir a sua pr\u00f3pria liberdade para proteger a liberdade da grande maioria da sociedade, teve que recolher-se em locais variados em face das constantes amea\u00e7as de morte que sofreu e que ainda vem sofrendo essas amea\u00e7as, mas logo na inf\u00e2ncia elegeu a sabedoria transformadora da educa\u00e7\u00e3o, escolheu ser feliz apostando em sua cultura, se homiziou nas matas do Bela Vista, quando ainda tinha, para estudar toda a gram\u00e1tica da l\u00edngua portuguesa, porque logo se apaixonou pelas figuras de constru\u00e7\u00e3o, pelas poesias l\u00edricas, o romantismo como movimento liter\u00e1rio, para depois passar no concurso da Pol\u00edcia Militar de Minas Gerais, tendo feito provas de ingresso no antigo Col\u00e9gio S\u00e3o Jos\u00e9 em Te\u00f3filo Otoni, para depois de alcan\u00e7ar a possibilidade de pagar uma Faculdade particular, estudar e passar num concorrido vestibular para o curso de Direito da FENORD, onde se casou com o Direito Penal sem direito a div\u00f3rcio.<\/p>\n\n\n\n<p>Pode-se afirmar com todas as letras, sem nenhuma margem de erro, que n\u00e3o se consegue contar a hist\u00f3ria da Seguran\u00e7a P\u00fablica em Minas Gerais, sem mencionar as a\u00e7\u00f5es exitosas da Policia Civil, com participa\u00e7\u00e3o fundamental do Menino do Mucuri, notadamente, em Te\u00f3filo Otoni, \u00c1guas Formosas, Malacacheta, Governador Valadares, Contagem, Belo Horizonte, Machado, Po\u00e7os de Caldas, Ribeir\u00e3o das Neves, al\u00e9m de outras a\u00e7\u00f5es em parceria com o Rio de Janeiro, S\u00e3o Paulo, Paran\u00e1, Goi\u00e1s, Bahia, e outros pa\u00edses como Paraguai e Estados Unidos.<\/p>\n\n\n\n<p>Percebeu-se que durante sua viv\u00eancia nas Institui\u00e7\u00f5es Policiais, o Menino do Mucuri, apelido recebido de um amigo investigador da Delegacia Regional de Pol\u00edcia em Governador Valadares, sofreu horrores, persegui\u00e7\u00f5es de bandidos dentro e fora das Institui\u00e7\u00f5es. Mas soube desvencilhar-se das armadilhas de sanguessugas e bocais da Administra\u00e7\u00e3o P\u00fablica, teve e ainda tem honradez de rocha para se livrar das falcatruas do servi\u00e7o p\u00fablico, e hoje tem a capacidade de traduzir no papel todo seu sentimento de alegria e profunda tristeza quando se depara com atrozes e abutres do setor p\u00fablico.<\/p>\n\n\n\n<p>Mas por exemplo, em Governador Valadares a imprensa n\u00e3o queria nem pensar num Delegado de Pol\u00edcia de Te\u00f3filo Otoni, assumindo a Regional da cidade, havia essa rivalidade entre as duas cidades, inclusive um jornal da cidade publicou uma mat\u00e9ria censurando a presen\u00e7a do Menino do Mucuri em Valadares. N\u00e3o obstante, bastaram dois meses para que o novo Delegado Regional mostrasse seu real valor, se tornando cidad\u00e3o honor\u00e1rio daquela cidade.<\/p>\n\n\n\n<p>No ign\u00f3bil campo da Pol\u00edtica, primeiro n\u00e3o queria o Menino do Mucuri como Superintendente por havia acusa\u00e7\u00f5es infundadas de que ele pudesse ser amigo de um candidato do PT a prefeito de Belo Horizonte, e depois rejeitaram o Menino do Mucuri porque ele seria ligado ao governo que sa\u00eda. E a\u00ed lascou tudo. Deu ruim. Esse Menino n\u00e3o podia exercer nenhum cargo relevante, porque a porcaria da Pol\u00edtica queria destruir sua carreira.<\/p>\n\n\n\n<p>Acredito que queriam devolver esse Menino pirracento, l\u00e1 para o Vale do Mucuri, talvez deixando-o abandonado l\u00e1 na Rua do Coador ou na Rua do Vai quem quer, em Top\u00e1zio. &nbsp;Mas longe de todas essas discuss\u00f5es, o Menino do Mucuri cumpriu seu tempo no Estado, teve um tempo de isolamento, seus amigos do cargo, verdadeiros hip\u00f3critas, sumiram quase todos, mas tamb\u00e9m n\u00e3o fez nenhuma diferen\u00e7a, pois ergueu a cabe\u00e7a novamente, continuou em sala de aulas, ministrando aulas, fazendo o que gosta, escrevendo e lan\u00e7ando seus livros, fez especializa\u00e7\u00e3o na Espanha na \u00e1rea de combate \u00e0 corrup\u00e7\u00e3o, crime organizado e antiterrorismo, al\u00e9m de representar o Brasil na comunidade ibero-americana dividindo painel com outros juristas internacionais, abordando o tema Desenvolvimento social numa sociedade de risco e as novas amea\u00e7as aos direitos fundamentais no mundo.<\/p>\n\n\n\n<p>E agora, continua sua miss\u00e3o ensinando e aprendendo nas academias do Brasil, muito embora, tenha que \u00e0s vezes enfrentar gente arbitr\u00e1ria, bo\u00e7al, em especial na cidade do Menino do Mucuri, onde de vez enquanto aparecem alguns forasteiros desalmados, vagabundos, sanguessugas, canalhas, metidos a intelectuais, alguns se autodenominam porta-vozes da raz\u00e3o, outros, se dizem paladinos da justi\u00e7a, que fazem e acontecem, semideuses do Direito, mas tudo em nome de ideologias imundas que tentam destruir os valores humanos, religiosos, familiares, malandros pousando de gente boa que deveriam estar presos.<\/p>\n\n\n\n<p>Mas agora, o Menino do Mucuri volta nas cenas dos filmes da vida real, para desespero de alguns, e certamente aqueles seus amigos que ficaram durante muito tempo distantes, desapareceram na brachiaria, esva\u00edram-se na atmosfera do tempo, agiram como nuvem passageira, chuvas de ver\u00e3o, raios de luz em tempos de tempestades, agora v\u00e3o aparecer novamente, com sorriso maroto, n\u00e3o se sabe o porqu\u00ea, mas daqui a pouco um fato novo vai acontecer e desaparecer\u00e3o novamente, \u00e9 sempre assim. Povo esperto, inteligente, sagaz, matreiro&#8230;<\/p>\n\n\n\n<p>E por fim, o Menino do Mucuri fez especializa\u00e7\u00e3o em exegese hermen\u00eautica para interpretar a falsidade humana, e no dia do seu anivers\u00e1rio, exatamente hoje, apresenta aqueles que o admiram um breve texto de suas agruras na caminhada da vida, na certeza de que n\u00e3o h\u00e1 limites quando se busca vencer os objetivos tra\u00e7ados, as pedras porventura existentes no meio do caminho ser\u00e3o juntadas para edificar um castelo da paz e fraternidade.<\/p>\n\n\n\n<p><strong>DAS REFER\u00caNCIAS BIBLIOGR\u00c1FICAS<\/strong><\/p>\n\n\n\n<p>Declara\u00e7\u00e3o de Independ\u00eancia dos Estados Unidos da Am\u00e9rica. Dispon\u00edvel em <a href=\"http:\/\/www4.policiamilitar.sp.gov.br\/unidades\/dpcdh\/Normas_Direitos_Humanos\/DECLARA%C3%87%C3%83O%20DE%20INDEPENDENCIA%20DOS%20EUA%20-04%20de%20julho%20de%201776%20-%20PORTUGU%C3%8AS.pdf\">http:\/\/www4.policiamilitar.sp.gov.br\/unidades\/dpcdh\/Normas_Direitos_Humanos\/DECLARA%C3%87%C3%83O%20DE%20INDEPENDENCIA%20DOS%20EUA%20-04%20de%20julho%20de%201776%20-%20PORTUGU%C3%8AS.pdf<\/a>. Acesso em 21 de abril de 2021<\/p>\n\n\n\n<p>IGARAP\u00c9. Opera\u00e7\u00e3o Metaformose. Dispon\u00edvel em <a href=\"file:\/\/\/C:\\Users\\jefer\\Downloads\\noticia.pdf\">file:\/\/\/C:\/Users\/jefer\/Downloads\/noticia.pdf<\/a>. Acesso em 21 de abril de 2021<\/p>\n\n\n\n<p>JORNAL FOLHA DE S\u00c3O PAULO. Lavrador de MG \u00e9 acusado de matar 5 filhos. Dispon\u00edvel em <a href=\"https:\/\/www1.folha.uol.com.br\/fsp\/cotidian\/ff15019910.htm\">https:\/\/www1.folha.uol.com.br\/fsp\/cotidian\/ff15019910.htm<\/a>. Acesso em 22 de abril de 2021.<\/p>\n\n\n\n<p>O TEMPO. Dispon\u00edvel em <a href=\"https:\/\/www.otempo.com.br\/cidades\/megaoperacao-contra-o-trafico-prende-41-1.320101\">https:\/\/www.otempo.com.br\/cidades\/megaoperacao-contra-o-trafico-prende-41-1.320101<\/a>. Acesso em 21 de abril de 2021.<\/p>\n\n\n\n<p>PMMG. Can\u00e7\u00e3o da Pol\u00edcia Militar de Minas Gerais. Dispon\u00edvel em <a href=\"https:\/\/www.letras.mus.br\/pmmg\/cancao-da-policia-militar-de-minas-gerais\/\">https:\/\/www.letras.mus.br\/pmmg\/cancao-da-policia-militar-de-minas-gerais\/<\/a>. Acesso em 21 de abril de 2021.<\/p>\n\n\n\n<p>PORTAL HOJE EM DIA. Dispon\u00edvel em <a href=\"https:\/\/www.hojeemdia.com.br\/horizontes\/quadrilha-presa-por-fraude-em-vestibulares-vendia-vaga-em-medicina-por-at%C3%A9-r-140-mil-em-mg-e-rj-1.225782\">https:\/\/www.hojeemdia.com.br\/horizontes\/quadrilha-presa-por-fraude-em-vestibulares-vendia-vaga-em-medicina-por-at%C3%A9-r-140-mil-em-mg-e-rj-1.225782<\/a>. Acesso em 21 de abril de 2021.<\/p>\n\n\n\n<p>PORTAL TERRA. Pol\u00edcia de MG prende 21 suspeitos de tr\u00e1fico de drogas. Dispon\u00edvel em <a href=\"https:\/\/www.terra.com.br\/noticias\/brasil\/policia\/policia-de-mg-prende-21-suspeitos-de-trafico-de-drogas,d6284be994e4b310VgnCLD200000bbcceb0aRCRD.html\">https:\/\/www.terra.com.br\/noticias\/brasil\/policia\/policia-de-mg-prende-21-suspeitos-de-trafico-de-drogas,d6284be994e4b310VgnCLD200000bbcceb0aRCRD.html<\/a>. Acesso em 22 de abril de 2021.<\/p>\n\n\n\n<p>PROGRAMA FANT\u00c1STICO. Dispon\u00edvel em <a href=\"https:\/\/globoplay.globo.com\/v\/3800413\/\">https:\/\/globoplay.globo.com\/v\/3800413\/<\/a>. Acesso em 21 de abril de 2021.<\/p>\n\n\n\n<figure class=\"wp-block-gallery columns-2 is-cropped wp-block-gallery-3 is-layout-flex wp-block-gallery-is-layout-flex\"><ul class=\"blocks-gallery-grid\"><li class=\"blocks-gallery-item\"><figure><img loading=\"lazy\" decoding=\"async\" width=\"650\" height=\"433\" src=\"https:\/\/diariotribuna.com.br\/wp-content\/uploads\/2021\/04\/4-3.jpg\" alt=\"\" data-id=\"9508\" data-full-url=\"https:\/\/diariotribuna.com.br\/wp-content\/uploads\/2021\/04\/4-3.jpg\" data-link=\"https:\/\/diariotribuna.com.br\/?attachment_id=9508\" class=\"wp-image-9508\" srcset=\"https:\/\/diariotribuna.com.br\/wp-content\/uploads\/2021\/04\/4-3.jpg 650w, https:\/\/diariotribuna.com.br\/wp-content\/uploads\/2021\/04\/4-3-300x200.jpg 300w, https:\/\/diariotribuna.com.br\/wp-content\/uploads\/2021\/04\/4-3-630x420.jpg 630w\" sizes=\"(max-width: 650px) 100vw, 650px\" \/><\/figure><\/li><li class=\"blocks-gallery-item\"><figure><img loading=\"lazy\" decoding=\"async\" width=\"700\" height=\"466\" src=\"https:\/\/diariotribuna.com.br\/wp-content\/uploads\/2021\/04\/5-4.jpg\" alt=\"\" data-id=\"9509\" data-full-url=\"https:\/\/diariotribuna.com.br\/wp-content\/uploads\/2021\/04\/5-4.jpg\" data-link=\"https:\/\/diariotribuna.com.br\/?attachment_id=9509\" class=\"wp-image-9509\" srcset=\"https:\/\/diariotribuna.com.br\/wp-content\/uploads\/2021\/04\/5-4.jpg 700w, https:\/\/diariotribuna.com.br\/wp-content\/uploads\/2021\/04\/5-4-300x200.jpg 300w, https:\/\/diariotribuna.com.br\/wp-content\/uploads\/2021\/04\/5-4-696x463.jpg 696w, https:\/\/diariotribuna.com.br\/wp-content\/uploads\/2021\/04\/5-4-631x420.jpg 631w\" sizes=\"(max-width: 700px) 100vw, 700px\" \/><\/figure><\/li><\/ul><\/figure>\n\n\n\n<figure class=\"wp-block-gallery columns-3 is-cropped wp-block-gallery-4 is-layout-flex wp-block-gallery-is-layout-flex\"><ul class=\"blocks-gallery-grid\"><li class=\"blocks-gallery-item\"><figure><img loading=\"lazy\" decoding=\"async\" width=\"318\" height=\"460\" src=\"https:\/\/diariotribuna.com.br\/wp-content\/uploads\/2021\/04\/15.jpg\" alt=\"\" data-id=\"9510\" data-link=\"https:\/\/diariotribuna.com.br\/?attachment_id=9510\" class=\"wp-image-9510\" srcset=\"https:\/\/diariotribuna.com.br\/wp-content\/uploads\/2021\/04\/15.jpg 318w, https:\/\/diariotribuna.com.br\/wp-content\/uploads\/2021\/04\/15-207x300.jpg 207w, https:\/\/diariotribuna.com.br\/wp-content\/uploads\/2021\/04\/15-290x420.jpg 290w\" sizes=\"(max-width: 318px) 100vw, 318px\" \/><\/figure><\/li><li class=\"blocks-gallery-item\"><figure><img loading=\"lazy\" decoding=\"async\" width=\"328\" height=\"448\" src=\"https:\/\/diariotribuna.com.br\/wp-content\/uploads\/2021\/04\/11.jpg\" alt=\"\" data-id=\"9516\" data-full-url=\"https:\/\/diariotribuna.com.br\/wp-content\/uploads\/2021\/04\/11.jpg\" data-link=\"https:\/\/diariotribuna.com.br\/?attachment_id=9516\" class=\"wp-image-9516\" srcset=\"https:\/\/diariotribuna.com.br\/wp-content\/uploads\/2021\/04\/11.jpg 328w, https:\/\/diariotribuna.com.br\/wp-content\/uploads\/2021\/04\/11-220x300.jpg 220w, https:\/\/diariotribuna.com.br\/wp-content\/uploads\/2021\/04\/11-308x420.jpg 308w\" sizes=\"(max-width: 328px) 100vw, 328px\" \/><\/figure><\/li><li class=\"blocks-gallery-item\"><figure><img loading=\"lazy\" decoding=\"async\" width=\"529\" height=\"548\" src=\"https:\/\/diariotribuna.com.br\/wp-content\/uploads\/2021\/04\/16.jpg\" alt=\"\" data-id=\"9511\" data-link=\"https:\/\/diariotribuna.com.br\/?attachment_id=9511\" class=\"wp-image-9511\" srcset=\"https:\/\/diariotribuna.com.br\/wp-content\/uploads\/2021\/04\/16.jpg 529w, https:\/\/diariotribuna.com.br\/wp-content\/uploads\/2021\/04\/16-290x300.jpg 290w, https:\/\/diariotribuna.com.br\/wp-content\/uploads\/2021\/04\/16-405x420.jpg 405w\" sizes=\"(max-width: 529px) 100vw, 529px\" \/><\/figure><\/li><li class=\"blocks-gallery-item\"><figure><img loading=\"lazy\" decoding=\"async\" width=\"450\" height=\"412\" src=\"https:\/\/diariotribuna.com.br\/wp-content\/uploads\/2021\/04\/12-2.jpg\" alt=\"\" data-id=\"9513\" data-link=\"https:\/\/diariotribuna.com.br\/?attachment_id=9513\" class=\"wp-image-9513\" srcset=\"https:\/\/diariotribuna.com.br\/wp-content\/uploads\/2021\/04\/12-2.jpg 450w, https:\/\/diariotribuna.com.br\/wp-content\/uploads\/2021\/04\/12-2-300x275.jpg 300w\" sizes=\"(max-width: 450px) 100vw, 450px\" \/><\/figure><\/li><li class=\"blocks-gallery-item\"><figure><img loading=\"lazy\" decoding=\"async\" width=\"302\" height=\"448\" src=\"https:\/\/diariotribuna.com.br\/wp-content\/uploads\/2021\/04\/13-1.jpg\" alt=\"\" data-id=\"9514\" data-link=\"https:\/\/diariotribuna.com.br\/?attachment_id=9514\" class=\"wp-image-9514\" srcset=\"https:\/\/diariotribuna.com.br\/wp-content\/uploads\/2021\/04\/13-1.jpg 302w, https:\/\/diariotribuna.com.br\/wp-content\/uploads\/2021\/04\/13-1-202x300.jpg 202w, https:\/\/diariotribuna.com.br\/wp-content\/uploads\/2021\/04\/13-1-283x420.jpg 283w\" sizes=\"(max-width: 302px) 100vw, 302px\" \/><\/figure><\/li><li class=\"blocks-gallery-item\"><figure><img loading=\"lazy\" decoding=\"async\" width=\"675\" height=\"909\" src=\"https:\/\/diariotribuna.com.br\/wp-content\/uploads\/2021\/04\/14-1.jpg\" alt=\"\" data-id=\"9515\" data-link=\"https:\/\/diariotribuna.com.br\/?attachment_id=9515\" class=\"wp-image-9515\" srcset=\"https:\/\/diariotribuna.com.br\/wp-content\/uploads\/2021\/04\/14-1.jpg 675w, https:\/\/diariotribuna.com.br\/wp-content\/uploads\/2021\/04\/14-1-223x300.jpg 223w, https:\/\/diariotribuna.com.br\/wp-content\/uploads\/2021\/04\/14-1-312x420.jpg 312w\" sizes=\"(max-width: 675px) 100vw, 675px\" \/><\/figure><\/li><li class=\"blocks-gallery-item\"><figure><img loading=\"lazy\" decoding=\"async\" width=\"700\" height=\"506\" src=\"https:\/\/diariotribuna.com.br\/wp-content\/uploads\/2021\/04\/18-1.jpg\" alt=\"\" data-id=\"9512\" data-link=\"https:\/\/diariotribuna.com.br\/?attachment_id=9512\" class=\"wp-image-9512\" srcset=\"https:\/\/diariotribuna.com.br\/wp-content\/uploads\/2021\/04\/18-1.jpg 700w, https:\/\/diariotribuna.com.br\/wp-content\/uploads\/2021\/04\/18-1-300x217.jpg 300w, https:\/\/diariotribuna.com.br\/wp-content\/uploads\/2021\/04\/18-1-324x235.jpg 324w, https:\/\/diariotribuna.com.br\/wp-content\/uploads\/2021\/04\/18-1-696x503.jpg 696w, https:\/\/diariotribuna.com.br\/wp-content\/uploads\/2021\/04\/18-1-581x420.jpg 581w\" sizes=\"(max-width: 700px) 100vw, 700px\" \/><\/figure><\/li><\/ul><\/figure>\n","protected":false},"excerpt":{"rendered":"<p>Os tra\u00e7os marcantes do menino do Mucuri A \u00fanica coisa que importa \u00e9 colocar em pr\u00e1tica, com sinceridade e seriedade, aquilo em que se acredita.&#8221; &#8211; Dalai Lama Resumo. O presente texto tem por objetivo apresentar o movimento do Jefersoniano e a liberdade, como fatores agregadores de uma sociedade sedenta de liberdade e excessos de [&hellip;]<\/p>\n","protected":false},"author":1,"featured_media":9501,"comment_status":"open","ping_status":"open","sticky":false,"template":"","format":"standard","meta":{"rop_custom_images_group":[],"rop_custom_messages_group":[],"rop_publish_now":"initial","rop_publish_now_accounts":[],"rop_publish_now_history":[],"rop_publish_now_status":"pending","footnotes":""},"categories":[24],"tags":[2991,2992,2993,1749,2990,2986,75,763,138],"class_list":["post-9492","post","type-post","status-publish","format-standard","has-post-thumbnail","hentry","category-opiniao","tag-23-04-2021","tag-aniversario","tag-historia","tag-jeferson-botelho-pereira","tag-o-menino-do-mucuri","tag-policia-civil-de-minas-gerais","tag-teofilo-otoni","tag-trajetoria","tag-vida"],"_links":{"self":[{"href":"https:\/\/diariotribuna.com.br\/index.php?rest_route=\/wp\/v2\/posts\/9492"}],"collection":[{"href":"https:\/\/diariotribuna.com.br\/index.php?rest_route=\/wp\/v2\/posts"}],"about":[{"href":"https:\/\/diariotribuna.com.br\/index.php?rest_route=\/wp\/v2\/types\/post"}],"author":[{"embeddable":true,"href":"https:\/\/diariotribuna.com.br\/index.php?rest_route=\/wp\/v2\/users\/1"}],"replies":[{"embeddable":true,"href":"https:\/\/diariotribuna.com.br\/index.php?rest_route=%2Fwp%2Fv2%2Fcomments&post=9492"}],"version-history":[{"count":4,"href":"https:\/\/diariotribuna.com.br\/index.php?rest_route=\/wp\/v2\/posts\/9492\/revisions"}],"predecessor-version":[{"id":9618,"href":"https:\/\/diariotribuna.com.br\/index.php?rest_route=\/wp\/v2\/posts\/9492\/revisions\/9618"}],"wp:featuredmedia":[{"embeddable":true,"href":"https:\/\/diariotribuna.com.br\/index.php?rest_route=\/wp\/v2\/media\/9501"}],"wp:attachment":[{"href":"https:\/\/diariotribuna.com.br\/index.php?rest_route=%2Fwp%2Fv2%2Fmedia&parent=9492"}],"wp:term":[{"taxonomy":"category","embeddable":true,"href":"https:\/\/diariotribuna.com.br\/index.php?rest_route=%2Fwp%2Fv2%2Fcategories&post=9492"},{"taxonomy":"post_tag","embeddable":true,"href":"https:\/\/diariotribuna.com.br\/index.php?rest_route=%2Fwp%2Fv2%2Ftags&post=9492"}],"curies":[{"name":"wp","href":"https:\/\/api.w.org\/{rel}","templated":true}]}}