{"id":9524,"date":"2021-04-23T13:25:09","date_gmt":"2021-04-23T16:25:09","guid":{"rendered":"https:\/\/diariotribuna.com.br\/?p=9524"},"modified":"2021-04-23T13:25:10","modified_gmt":"2021-04-23T16:25:10","slug":"covid-19-boletim-epidemiologico-de-teofilo-otoni-22-04-21","status":"publish","type":"post","link":"https:\/\/diariotribuna.com.br\/?p=9524","title":{"rendered":"COVID-19: Boletim epidemiol\u00f3gico de Te\u00f3filo Otoni (22\/04\/21)"},"content":{"rendered":"\n<figure class=\"wp-block-image size-large is-resized is-style-default\"><img loading=\"lazy\" decoding=\"async\" src=\"https:\/\/diariotribuna.com.br\/wp-content\/uploads\/2021\/04\/90127239_2607949282827065_4095575144385216512_n-1.jpg\" alt=\"\" class=\"wp-image-9525\" width=\"487\" height=\"273\" srcset=\"https:\/\/diariotribuna.com.br\/wp-content\/uploads\/2021\/04\/90127239_2607949282827065_4095575144385216512_n-1.jpg 600w, https:\/\/diariotribuna.com.br\/wp-content\/uploads\/2021\/04\/90127239_2607949282827065_4095575144385216512_n-1-300x168.jpg 300w\" sizes=\"(max-width: 487px) 100vw, 487px\" \/><\/figure>\n\n\n\n<p>A Secretaria Municipal de Sa\u00fade divulgou, na noite desta quinta-feira (22\/04\/21), boletim epidemiol\u00f3gico confirmando 9.804 casos positivos de Covid-19 em Te\u00f3filo Otoni, 18 a mais nas \u00faltimas 24 horas, e contabiliza <strong>274 \u00f3bitos <\/strong>por complica\u00e7\u00f5es causadas pelo coronav\u00edrus. O boletim informa ainda que tem 02 \u00f3bitos em investiga\u00e7\u00e3o, 699 casos ativos, 9.689 casos recuperados, e 22.590 casos suspeitos foram descartados.<\/p>\n\n\n\n<p><strong>No boletim de quarta-feira (21\/04\/21), foram inseridos 03 \u00f3bitos<\/strong>, que ocorreram em 05\/04, 20\/04 e 21\/04\/2021. <strong>O 1\u00ba \u00f3bito<\/strong> trata-se de um idoso de 63 anos, que estava internado no Hospital Madre Tereza em Belo Horizonte. <strong>O 2\u00ba \u00f3bito<\/strong> \u00e9 de um homem de 44 anos, que estava internado no Hospital Bom Samaritano. <strong>O 3\u00ba \u00f3bito<\/strong> \u00e9 de um idoso de 75 anos, que estava internado na UPA 24 Horas (Avenida Get\u00falio Vargas). Os 03 pacientes tiveram os resultados confirmados por RT-PCR.<\/p>\n\n\n\n<p><strong>Interna\u00e7\u00f5es at\u00e9 (22\/04):<\/strong> Pelo SUS, Conv\u00eanio e Particular tem 40 leitos de UTI Covid e 37 est\u00e3o ocupados, sendo 29 pacientes de Te\u00f3filo Otoni e 08 de outros munic\u00edpios (92,50% de ocupa\u00e7\u00e3o). Tem 106 leitos de Enfermaria Covid e 49 est\u00e3o ocupados, sendo 34 pacientes de Te\u00f3filo Otoni e 15 de outros munic\u00edpios (46,22% de ocupa\u00e7\u00e3o).<\/p>\n\n\n\n<p><strong>Vacin\u00f4metro:<\/strong> dados atualizados nesta quinta-feira (22\/04) mostram que j\u00e1 foram aplicadas 25.611 doses de vacina contra a Covid-19 (1\u00aa dose), e 8.888 doses (na 2\u00aa).<\/p>\n","protected":false},"excerpt":{"rendered":"<p>A Secretaria Municipal de Sa\u00fade divulgou, na noite desta quinta-feira (22\/04\/21), boletim epidemiol\u00f3gico confirmando 9.804 casos positivos de Covid-19 em Te\u00f3filo Otoni, 18 a mais nas \u00faltimas 24 horas, e contabiliza 274 \u00f3bitos por complica\u00e7\u00f5es causadas pelo coronav\u00edrus. O boletim informa ainda que tem 02 \u00f3bitos em investiga\u00e7\u00e3o, 699 casos ativos, 9.689 casos recuperados, e [&hellip;]<\/p>\n","protected":false},"author":1,"featured_media":9525,"comment_status":"open","ping_status":"open","sticky":false,"template":"","format":"standard","meta":{"rop_custom_images_group":[],"rop_custom_messages_group":[],"rop_publish_now":"initial","rop_publish_now_accounts":[],"rop_publish_now_history":[],"rop_publish_now_status":"pending","footnotes":""},"categories":[192],"tags":[2972,489,84,75],"class_list":["post-9524","post","type-post","status-publish","format-standard","has-post-thumbnail","hentry","category-covid19","tag-22-04-21","tag-boletim-epidemiologico","tag-covid-19","tag-teofilo-otoni"],"_links":{"self":[{"href":"https:\/\/diariotribuna.com.br\/index.php?rest_route=\/wp\/v2\/posts\/9524"}],"collection":[{"href":"https:\/\/diariotribuna.com.br\/index.php?rest_route=\/wp\/v2\/posts"}],"about":[{"href":"https:\/\/diariotribuna.com.br\/index.php?rest_route=\/wp\/v2\/types\/post"}],"author":[{"embeddable":true,"href":"https:\/\/diariotribuna.com.br\/index.php?rest_route=\/wp\/v2\/users\/1"}],"replies":[{"embeddable":true,"href":"https:\/\/diariotribuna.com.br\/index.php?rest_route=%2Fwp%2Fv2%2Fcomments&post=9524"}],"version-history":[{"count":1,"href":"https:\/\/diariotribuna.com.br\/index.php?rest_route=\/wp\/v2\/posts\/9524\/revisions"}],"predecessor-version":[{"id":9526,"href":"https:\/\/diariotribuna.com.br\/index.php?rest_route=\/wp\/v2\/posts\/9524\/revisions\/9526"}],"wp:featuredmedia":[{"embeddable":true,"href":"https:\/\/diariotribuna.com.br\/index.php?rest_route=\/wp\/v2\/media\/9525"}],"wp:attachment":[{"href":"https:\/\/diariotribuna.com.br\/index.php?rest_route=%2Fwp%2Fv2%2Fmedia&parent=9524"}],"wp:term":[{"taxonomy":"category","embeddable":true,"href":"https:\/\/diariotribuna.com.br\/index.php?rest_route=%2Fwp%2Fv2%2Fcategories&post=9524"},{"taxonomy":"post_tag","embeddable":true,"href":"https:\/\/diariotribuna.com.br\/index.php?rest_route=%2Fwp%2Fv2%2Ftags&post=9524"}],"curies":[{"name":"wp","href":"https:\/\/api.w.org\/{rel}","templated":true}]}}