{"id":9527,"date":"2021-04-23T14:15:33","date_gmt":"2021-04-23T17:15:33","guid":{"rendered":"https:\/\/diariotribuna.com.br\/?p=9527"},"modified":"2021-04-27T23:36:55","modified_gmt":"2021-04-28T02:36:55","slug":"pcmg-pmmg-e-caema-ba-deflagram-a-operacao-panoptico-em-nanuque","status":"publish","type":"post","link":"https:\/\/diariotribuna.com.br\/?p=9527","title":{"rendered":"PCMG, PMMG e CAEMA (BA) deflagram a Opera\u00e7\u00e3o Pan\u00f3ptico em Nanuque"},"content":{"rendered":"\n<figure class=\"wp-block-gallery columns-2 is-cropped wp-block-gallery-1 is-layout-flex wp-block-gallery-is-layout-flex\"><ul class=\"blocks-gallery-grid\"><li class=\"blocks-gallery-item\"><figure><img loading=\"lazy\" decoding=\"async\" width=\"700\" height=\"467\" src=\"https:\/\/diariotribuna.com.br\/wp-content\/uploads\/2021\/04\/4-4.jpg\" alt=\"\" data-id=\"9529\" data-link=\"https:\/\/diariotribuna.com.br\/?attachment_id=9529\" class=\"wp-image-9529\" srcset=\"https:\/\/diariotribuna.com.br\/wp-content\/uploads\/2021\/04\/4-4.jpg 700w, https:\/\/diariotribuna.com.br\/wp-content\/uploads\/2021\/04\/4-4-300x200.jpg 300w, https:\/\/diariotribuna.com.br\/wp-content\/uploads\/2021\/04\/4-4-696x464.jpg 696w, https:\/\/diariotribuna.com.br\/wp-content\/uploads\/2021\/04\/4-4-630x420.jpg 630w\" sizes=\"(max-width: 700px) 100vw, 700px\" \/><\/figure><\/li><li class=\"blocks-gallery-item\"><figure><img loading=\"lazy\" decoding=\"async\" width=\"700\" height=\"411\" src=\"https:\/\/diariotribuna.com.br\/wp-content\/uploads\/2021\/04\/2-5.jpg\" alt=\"\" data-id=\"9530\" data-link=\"https:\/\/diariotribuna.com.br\/?attachment_id=9530\" class=\"wp-image-9530\" srcset=\"https:\/\/diariotribuna.com.br\/wp-content\/uploads\/2021\/04\/2-5.jpg 700w, https:\/\/diariotribuna.com.br\/wp-content\/uploads\/2021\/04\/2-5-300x176.jpg 300w, https:\/\/diariotribuna.com.br\/wp-content\/uploads\/2021\/04\/2-5-696x409.jpg 696w\" sizes=\"(max-width: 700px) 100vw, 700px\" \/><\/figure><\/li><li class=\"blocks-gallery-item\"><figure><img loading=\"lazy\" decoding=\"async\" width=\"700\" height=\"438\" src=\"https:\/\/diariotribuna.com.br\/wp-content\/uploads\/2021\/04\/5-5.jpg\" alt=\"\" data-id=\"9532\" data-full-url=\"https:\/\/diariotribuna.com.br\/wp-content\/uploads\/2021\/04\/5-5.jpg\" data-link=\"https:\/\/diariotribuna.com.br\/?attachment_id=9532\" class=\"wp-image-9532\" srcset=\"https:\/\/diariotribuna.com.br\/wp-content\/uploads\/2021\/04\/5-5.jpg 700w, https:\/\/diariotribuna.com.br\/wp-content\/uploads\/2021\/04\/5-5-300x188.jpg 300w, https:\/\/diariotribuna.com.br\/wp-content\/uploads\/2021\/04\/5-5-696x435.jpg 696w, https:\/\/diariotribuna.com.br\/wp-content\/uploads\/2021\/04\/5-5-671x420.jpg 671w\" sizes=\"(max-width: 700px) 100vw, 700px\" \/><\/figure><\/li><li class=\"blocks-gallery-item\"><figure><img loading=\"lazy\" decoding=\"async\" width=\"700\" height=\"454\" src=\"https:\/\/diariotribuna.com.br\/wp-content\/uploads\/2021\/04\/3-6.jpg\" alt=\"\" data-id=\"9531\" data-link=\"https:\/\/diariotribuna.com.br\/?attachment_id=9531\" class=\"wp-image-9531\" srcset=\"https:\/\/diariotribuna.com.br\/wp-content\/uploads\/2021\/04\/3-6.jpg 700w, https:\/\/diariotribuna.com.br\/wp-content\/uploads\/2021\/04\/3-6-300x195.jpg 300w, https:\/\/diariotribuna.com.br\/wp-content\/uploads\/2021\/04\/3-6-696x451.jpg 696w, https:\/\/diariotribuna.com.br\/wp-content\/uploads\/2021\/04\/3-6-648x420.jpg 648w\" sizes=\"(max-width: 700px) 100vw, 700px\" \/><\/figure><\/li><\/ul><\/figure>\n\n\n\n<p>A Pol\u00edcia Civil de Minas Gerais, em a\u00e7\u00e3o conjunta com a Pol\u00edcia Militar de Minas Gerais e a Pol\u00edcia Militar da Bahia, com suporte de c\u00e3es farejadores do grupo especializado CAEMA, deflagrou na manh\u00e3 desta sexta-feira (23\/04), a opera\u00e7\u00e3o Pan\u00f3ptico, em combate ao crime organizado na cidade de Nanuque\/MG.<\/p>\n\n\n\n<p>Segundo a PC em nota divulgada \u00e0 imprensa, nesta sexta-feira, \u201cas investiga\u00e7\u00f5es tiveram in\u00edcio quando equipes policiais de ambas as corpora\u00e7\u00f5es, perceberam que algumas organiza\u00e7\u00f5es criminosas estavam monitorando as atividades dos policiais atrav\u00e9s de uma \u201cCentral de Monitoramento\u201d, uma esp\u00e9cie de olho vivo do crime. Da\u00ed a origem do nome \u201cPan\u00f3ptico\u201d, que se refere \u00e0 teoria do fil\u00f3sofo franc\u00eas Michel Foucault, onde este defendia que em determinados sistemas, agentes tinham o poder de monitorar e sancionar o comportamento do resto sem que eles possam discernir se est\u00e3o ou n\u00e3o sendo monitorados\u201d.<\/p>\n\n\n\n<p>Na opera\u00e7\u00e3o foram cumpridos 13 mandados de busca e apreens\u00e3o, que resultaram na pris\u00e3o de 06 homens e na apreens\u00e3o de 269 buchas de maconha, 134 pedras de crack, R$ 18 mil em esp\u00e9cie, v\u00e1rios aparelhos celulares, diversas embalagens comumente utilizadas para embalar drogas, um rev\u00f3lver, muni\u00e7\u00f5es calibre 38, e foi aprendida tamb\u00e9m a central de monitoramento completa.<\/p>\n\n\n\n<figure class=\"wp-block-image size-large is-resized is-style-default\"><img loading=\"lazy\" decoding=\"async\" src=\"https:\/\/diariotribuna.com.br\/wp-content\/uploads\/2021\/04\/93adbd5b-2672-4d20-82ca-a65e1ad7adf5.jpg\" alt=\"\" class=\"wp-image-9528\" width=\"662\" height=\"393\" srcset=\"https:\/\/diariotribuna.com.br\/wp-content\/uploads\/2021\/04\/93adbd5b-2672-4d20-82ca-a65e1ad7adf5.jpg 800w, https:\/\/diariotribuna.com.br\/wp-content\/uploads\/2021\/04\/93adbd5b-2672-4d20-82ca-a65e1ad7adf5-300x178.jpg 300w, https:\/\/diariotribuna.com.br\/wp-content\/uploads\/2021\/04\/93adbd5b-2672-4d20-82ca-a65e1ad7adf5-768x456.jpg 768w, https:\/\/diariotribuna.com.br\/wp-content\/uploads\/2021\/04\/93adbd5b-2672-4d20-82ca-a65e1ad7adf5-696x413.jpg 696w, https:\/\/diariotribuna.com.br\/wp-content\/uploads\/2021\/04\/93adbd5b-2672-4d20-82ca-a65e1ad7adf5-707x420.jpg 707w\" sizes=\"(max-width: 662px) 100vw, 662px\" \/><\/figure>\n\n\n\n<p><strong>A opera\u00e7\u00e3o contou com a presen\u00e7a de 20 policiais civis e 30 policiais militares<\/strong> e teve suporte a\u00e9reo do drone da Pol\u00edcia Civil de Nanuque, do canil da CAEMA (BA). (Informa\u00e7\u00f5es\/Fotos: Assessoria de comunica\u00e7\u00e3o da PCMG\/ Te\u00f3filo Otoni).<\/p>\n","protected":false},"excerpt":{"rendered":"<p>A Pol\u00edcia Civil de Minas Gerais, em a\u00e7\u00e3o conjunta com a Pol\u00edcia Militar de Minas Gerais e a Pol\u00edcia Militar da Bahia, com suporte de c\u00e3es farejadores do grupo especializado CAEMA, deflagrou na manh\u00e3 desta sexta-feira (23\/04), a opera\u00e7\u00e3o Pan\u00f3ptico, em combate ao crime organizado na cidade de Nanuque\/MG. Segundo a PC em nota divulgada [&hellip;]<\/p>\n","protected":false},"author":1,"featured_media":9530,"comment_status":"open","ping_status":"open","sticky":false,"template":"","format":"standard","meta":{"rop_custom_images_group":[],"rop_custom_messages_group":[],"rop_publish_now":"initial","rop_publish_now_accounts":[],"rop_publish_now_history":[],"rop_publish_now_status":"pending","footnotes":""},"categories":[20],"tags":[2996,2998,122,2997,828,128],"class_list":["post-9527","post","type-post","status-publish","format-standard","has-post-thumbnail","hentry","category-policia","tag-caema-ba","tag-monitoramento","tag-nanuque","tag-operacao-panoptico","tag-pcmg","tag-pmmg"],"_links":{"self":[{"href":"https:\/\/diariotribuna.com.br\/index.php?rest_route=\/wp\/v2\/posts\/9527"}],"collection":[{"href":"https:\/\/diariotribuna.com.br\/index.php?rest_route=\/wp\/v2\/posts"}],"about":[{"href":"https:\/\/diariotribuna.com.br\/index.php?rest_route=\/wp\/v2\/types\/post"}],"author":[{"embeddable":true,"href":"https:\/\/diariotribuna.com.br\/index.php?rest_route=\/wp\/v2\/users\/1"}],"replies":[{"embeddable":true,"href":"https:\/\/diariotribuna.com.br\/index.php?rest_route=%2Fwp%2Fv2%2Fcomments&post=9527"}],"version-history":[{"count":1,"href":"https:\/\/diariotribuna.com.br\/index.php?rest_route=\/wp\/v2\/posts\/9527\/revisions"}],"predecessor-version":[{"id":9533,"href":"https:\/\/diariotribuna.com.br\/index.php?rest_route=\/wp\/v2\/posts\/9527\/revisions\/9533"}],"wp:featuredmedia":[{"embeddable":true,"href":"https:\/\/diariotribuna.com.br\/index.php?rest_route=\/wp\/v2\/media\/9530"}],"wp:attachment":[{"href":"https:\/\/diariotribuna.com.br\/index.php?rest_route=%2Fwp%2Fv2%2Fmedia&parent=9527"}],"wp:term":[{"taxonomy":"category","embeddable":true,"href":"https:\/\/diariotribuna.com.br\/index.php?rest_route=%2Fwp%2Fv2%2Fcategories&post=9527"},{"taxonomy":"post_tag","embeddable":true,"href":"https:\/\/diariotribuna.com.br\/index.php?rest_route=%2Fwp%2Fv2%2Ftags&post=9527"}],"curies":[{"name":"wp","href":"https:\/\/api.w.org\/{rel}","templated":true}]}}