{"id":9537,"date":"2021-04-25T12:38:27","date_gmt":"2021-04-25T15:38:27","guid":{"rendered":"https:\/\/diariotribuna.com.br\/?p=9537"},"modified":"2021-04-25T12:38:29","modified_gmt":"2021-04-25T15:38:29","slug":"saude-atualiza-cenario-epidemiologico-da-pandemia-no-brasil","status":"publish","type":"post","link":"https:\/\/diariotribuna.com.br\/?p=9537","title":{"rendered":"Sa\u00fade atualiza cen\u00e1rio epidemiol\u00f3gico da pandemia no Brasil"},"content":{"rendered":"\n<p><strong>Ministro citou tend\u00eancia de redu\u00e7\u00e3o de casos, recursos e protocolo<\/strong><\/p>\n\n\n\n<figure class=\"wp-block-image size-large is-resized is-style-default\"><img loading=\"lazy\" decoding=\"async\" src=\"https:\/\/diariotribuna.com.br\/wp-content\/uploads\/2021\/04\/vacina_china_atletas_jogos.jpg\" alt=\"\" class=\"wp-image-9538\" width=\"535\" height=\"319\" srcset=\"https:\/\/diariotribuna.com.br\/wp-content\/uploads\/2021\/04\/vacina_china_atletas_jogos.jpg 700w, https:\/\/diariotribuna.com.br\/wp-content\/uploads\/2021\/04\/vacina_china_atletas_jogos-300x179.jpg 300w, https:\/\/diariotribuna.com.br\/wp-content\/uploads\/2021\/04\/vacina_china_atletas_jogos-696x416.jpg 696w\" sizes=\"(max-width: 535px) 100vw, 535px\" \/><\/figure>\n\n\n\n<p>O ministro da Sa\u00fade, Marcelo Queiroga, concedeu entrevista coletiva neste s\u00e1bado (24\/04) para atualiza\u00e7\u00e3o do cen\u00e1rio epidemiol\u00f3gico da pandemia de covid-19 no Brasil. Ao ve\u00edculos de comunica\u00e7\u00e3o, ele\u00a0citou que a pasta vem registrando, ao longo dos \u00faltimos dias, uma tend\u00eancia de redu\u00e7\u00e3o dos diagn\u00f3sticos de infec\u00e7\u00e3o pelo novo coronav\u00edrus e, por consequ\u00eancia, uma diminui\u00e7\u00e3o na press\u00e3o sobre o sistema de sa\u00fade do pa\u00eds.<\/p>\n\n\n\n<p>&#8220;O que, consequentemente, nos d\u00e1 uma diminui\u00e7\u00e3o da press\u00e3o em rela\u00e7\u00e3o a insumos como, por exemplo, insumos utilizados nos kits de intuba\u00e7\u00e3o, de oxig\u00eanio\u201d, destacou Queiroga.\u00a0Segundo o ministro, no pr\u00f3ximo dia 30, a pasta\u00a0participa\u00a0de uma coletiva de imprensa internacional que deve\u00a0discutir o cen\u00e1rio mundial da pandemia e as medidas adotadas pelo governo\u00a0brasileiro para conter a dissemina\u00e7\u00e3o do v\u00edrus.<\/p>\n\n\n\n<p><strong>Recursos &#8211;<\/strong> Dois dias ap\u00f3s o presidente da Rep\u00fablica, Jair Bolsonaro,\u00a0<a rel=\"noreferrer noopener\" href=\"https:\/\/agenciabrasil.ebc.com.br\/politica\/noticia\/2021-04\/presidente-sanciona-lei-orcamentaria-de-2021-com-veto-parcial\" target=\"_blank\">sancionar<\/a>\u00a0a Lei Or\u00e7ament\u00e1ria de 2021, Queiroga declarou que o ministro da Economia, Paulo Guedes, lhe assegurou que n\u00e3o faltar\u00e3o recursos para financiar a sa\u00fade p\u00fablica. \u201cTemos sempre um bom di\u00e1logo com o ministro Paulo Guedes, que me assegurou que n\u00e3o faltariam recursos para a sa\u00fade\u201d, disse. A resposta do ministro \u00e0 pergunta de um jornalista foi complementada pelo secret\u00e1rio-executivo da pasta, Rodrigo Ot\u00e1vio Moreira da Cruz, que destacou a possibilidade de aporte financeiro espec\u00edfico para o enfrentamento \u00e0 pandemia, via cr\u00e9dito extraordin\u00e1rio.<\/p>\n\n\n\n<p>\u201cExiste o compromisso do Minist\u00e9rio da Economia de, em eventual necessidade de amplia\u00e7\u00e3o do nosso or\u00e7amento via cr\u00e9dito extraordin\u00e1rio para o enfrentamento \u00e0 pandemia, isto ser\u00e1 realizado. Enfim, o Or\u00e7amento foi aprovado pelo Congresso. A gente vai se submeter \u00e0 lei or\u00e7ament\u00e1ria e executar nossas pol\u00edticas ordin\u00e1rias de sa\u00fade respeitando a lei sancionada pelo presidente&#8221;. O Or\u00e7amento aprovado pelo Congresso Nacional e sancionado pelo presidente prev\u00ea a destina\u00e7\u00e3o de cerca de R$ 157 bilh\u00f5es para o Minist\u00e9rio da Sa\u00fade \u2013 montante inicial inferior aos cerca de R$ 210 bilh\u00f5es destinados \u00e0 pasta em 2020, quando considerados os recursos adicionais \u00e0 proposta or\u00e7ament\u00e1ria inicialmente aprovada.<\/p>\n\n\n\n<p><strong>Protocolo &#8211;<\/strong> Ainda durante a coletiva, Queiroga voltou a anunciar, para breve, o an\u00fancio de um protocolo nacional com orienta\u00e7\u00f5es para o tratamento da covid-19. Segundo o ministro, a medida depende da manifesta\u00e7\u00e3o da Comiss\u00e3o Nacional de Incorpora\u00e7\u00e3o de Tecnologias no Sistema \u00danico de Sa\u00fade (Conitec).<\/p>\n\n\n\n<p>Formado por 13 representantes de minist\u00e9rios, ag\u00eancias reguladoras e dos conselhos Nacional de Sa\u00fade (CNS); Nacional de Secret\u00e1rios de Sa\u00fade (Conass); Nacional de Secretarias Municipais de Sa\u00fade (Conasems) e Federal de Medicina (CFM), o \u00f3rg\u00e3o colegiado permanente \u00e9 respons\u00e1vel por assessorar a pasta em temas relativos \u00e0 incorpora\u00e7\u00e3o, exclus\u00e3o ou altera\u00e7\u00e3o de pr\u00e1ticas e produtos, bem como na elabora\u00e7\u00e3o de protocolos cl\u00ednicos.<\/p>\n\n\n\n<p>\u201cA Conitec vai avaliar um protocolo de tratamento da covid-19.&nbsp;N\u00e3o para o uso do&nbsp;f\u00e1rmaco&nbsp;[rem\u00e9dio]&nbsp;A ou B,&nbsp;mas para algo mais&nbsp;amplo\u201d,&nbsp;disse o ministro, referindo-se \u00e0 pol\u00eamica em torno da prescri\u00e7\u00e3o de medicamentos&nbsp;sem efic\u00e1cia comprovada.<\/p>\n\n\n\n<p>\u201cQuem decide isto n\u00e3o \u00e9 o ministro da Sa\u00fade. Para isso,&nbsp;temos uma comiss\u00e3o permanente de avalia\u00e7\u00e3o de tecnologias em sa\u00fade, prevista em lei, e que tem a prerrogativa de elaborar protocolos cl\u00ednicos e diretrizes terap\u00eauticas\u201d, acrescentou o ministro que, j\u00e1 no in\u00edcio da coletiva, tinha destacado a import\u00e2ncia da popula\u00e7\u00e3o respeitar as recomenda\u00e7\u00f5es das autoridades sanit\u00e1rias, usando m\u00e1scaras; evitando aglomera\u00e7\u00f5es e, na medida do poss\u00edvel, aderindo ao isolamento social.<\/p>\n\n\n\n<p>\u201cNeste momento em que assistimos a uma tend\u00eancia de queda de \u00f3bitos \u2013 embora esta tend\u00eancia ainda seja muito pequena -, \u00e9 importante que as pessoas continuem com as medidas n\u00e3o farmacol\u00f3gicas. Isto \u00e9 fundamental para que este cen\u00e1rio se sustente a longo prazo, enquanto nossa campanha de vacina\u00e7\u00e3o vai sendo ampliada\u201d, comentou o ministro, antes de detalhar as dificuldades que o pa\u00eds vem enfrentando para receber as vacinas contra o novo coronav\u00edrus j\u00e1 contratadas. \u201cNem sempre o que \u00e9 tratado [com as ind\u00fastrias farmac\u00eauticas] \u00e9 entregue [no prazo combinado]. Atualizamos nosso calend\u00e1rio, mas, por ao menos sete vezes, n\u00f3s conseguimos ultrapassar a meta de vacinar mais de 1 milh\u00e3o de brasileiros ao dia\u201d.<\/p>\n\n\n\n<p><strong>OPAS &#8211; <\/strong>Na coletiva, a representante da Organiza\u00e7\u00e3o Pan-Americana de Sa\u00fade (Opas), Socorro Gross, parabenizou o Brasil pelos esfor\u00e7os que, segundo ela, o pa\u00eds vem empreendendo para imunizar a popula\u00e7\u00e3o contra a covid-19. \u201cAproveito para parabenizar o grande esfor\u00e7o do pa\u00eds, do SUS [Sistema \u00danico de Sa\u00fade] e dos que est\u00e3o na linha de frente, vacinando para que o pa\u00eds atinja estas cifras\u201d, disse.<\/p>\n\n\n\n<p>Socorro tamb\u00e9m destacou a recente desacelera\u00e7\u00e3o no ritmo de cont\u00e1gio da covid-19, frisando, contudo, que os n\u00fameros ainda s\u00e3o altos, exigindo cuidados da popula\u00e7\u00e3o. \u201cTemos observado uma queda do n\u00famero de novos casos durante as \u00faltimas duas semanas. Uma queda ainda pequena, mas que \u00e9 importante, porque impacta o n\u00famero de hospitaliza\u00e7\u00f5es por s\u00edndromes respirat\u00f3rias e a necessidade de leitos de UTI [unidades de terapia intensiva]. Para que esta queda seja ainda maior nas pr\u00f3ximas semanas, \u00e9 preciso o apoio da popula\u00e7\u00e3o \u00e0s medidas como o uso da m\u00e1scara e o distanciamento social\u201d, acrescentou a representante da Opas.<\/p>\n\n\n\n<p>(Ag\u00eancia Brasil)<\/p>\n","protected":false},"excerpt":{"rendered":"<p>Ministro citou tend\u00eancia de redu\u00e7\u00e3o de casos, recursos e protocolo O ministro da Sa\u00fade, Marcelo Queiroga, concedeu entrevista coletiva neste s\u00e1bado (24\/04) para atualiza\u00e7\u00e3o do cen\u00e1rio epidemiol\u00f3gico da pandemia de covid-19 no Brasil. Ao ve\u00edculos de comunica\u00e7\u00e3o, ele\u00a0citou que a pasta vem registrando, ao longo dos \u00faltimos dias, uma tend\u00eancia de redu\u00e7\u00e3o dos diagn\u00f3sticos de [&hellip;]<\/p>\n","protected":false},"author":1,"featured_media":9538,"comment_status":"open","ping_status":"open","sticky":false,"template":"","format":"standard","meta":{"rop_custom_images_group":[],"rop_custom_messages_group":[],"rop_publish_now":"initial","rop_publish_now_accounts":[],"rop_publish_now_history":[],"rop_publish_now_status":"pending","footnotes":""},"categories":[192],"tags":[2999,393,3000,84],"class_list":["post-9537","post","type-post","status-publish","format-standard","has-post-thumbnail","hentry","category-covid19","tag-24-04-21","tag-brasil","tag-cenario-epidemiologico","tag-covid-19"],"_links":{"self":[{"href":"https:\/\/diariotribuna.com.br\/index.php?rest_route=\/wp\/v2\/posts\/9537"}],"collection":[{"href":"https:\/\/diariotribuna.com.br\/index.php?rest_route=\/wp\/v2\/posts"}],"about":[{"href":"https:\/\/diariotribuna.com.br\/index.php?rest_route=\/wp\/v2\/types\/post"}],"author":[{"embeddable":true,"href":"https:\/\/diariotribuna.com.br\/index.php?rest_route=\/wp\/v2\/users\/1"}],"replies":[{"embeddable":true,"href":"https:\/\/diariotribuna.com.br\/index.php?rest_route=%2Fwp%2Fv2%2Fcomments&post=9537"}],"version-history":[{"count":1,"href":"https:\/\/diariotribuna.com.br\/index.php?rest_route=\/wp\/v2\/posts\/9537\/revisions"}],"predecessor-version":[{"id":9539,"href":"https:\/\/diariotribuna.com.br\/index.php?rest_route=\/wp\/v2\/posts\/9537\/revisions\/9539"}],"wp:featuredmedia":[{"embeddable":true,"href":"https:\/\/diariotribuna.com.br\/index.php?rest_route=\/wp\/v2\/media\/9538"}],"wp:attachment":[{"href":"https:\/\/diariotribuna.com.br\/index.php?rest_route=%2Fwp%2Fv2%2Fmedia&parent=9537"}],"wp:term":[{"taxonomy":"category","embeddable":true,"href":"https:\/\/diariotribuna.com.br\/index.php?rest_route=%2Fwp%2Fv2%2Fcategories&post=9537"},{"taxonomy":"post_tag","embeddable":true,"href":"https:\/\/diariotribuna.com.br\/index.php?rest_route=%2Fwp%2Fv2%2Ftags&post=9537"}],"curies":[{"name":"wp","href":"https:\/\/api.w.org\/{rel}","templated":true}]}}