{"id":9540,"date":"2021-04-25T12:59:07","date_gmt":"2021-04-25T15:59:07","guid":{"rendered":"https:\/\/diariotribuna.com.br\/?p=9540"},"modified":"2021-04-25T18:35:00","modified_gmt":"2021-04-25T21:35:00","slug":"motorista-de-aplicativo-e-assassinado-durante-viagem-entre-teofilo-otoni-e-governador-valadares","status":"publish","type":"post","link":"https:\/\/diariotribuna.com.br\/?p=9540","title":{"rendered":"Motorista de aplicativo \u00e9 assassinado durante viagem entre Te\u00f3filo Otoni e Governador Valadares"},"content":{"rendered":"\n<h4 class=\"wp-block-heading\"><strong>O corpo de Samir Alves Brito, 24 anos, foi encontrado no Distrito de Chonin de Baixo em Governador Valadares<\/strong><\/h4>\n\n\n\n<figure class=\"wp-block-image size-large is-resized is-style-default\"><img loading=\"lazy\" decoding=\"async\" src=\"https:\/\/diariotribuna.com.br\/wp-content\/uploads\/2021\/04\/3-O-veiculo-foi-visto-no-Distrito-de-Chonin-de-Baixo-em-Governador-Valadares.jpg\" alt=\"\" class=\"wp-image-9541\" width=\"480\" height=\"314\" srcset=\"https:\/\/diariotribuna.com.br\/wp-content\/uploads\/2021\/04\/3-O-veiculo-foi-visto-no-Distrito-de-Chonin-de-Baixo-em-Governador-Valadares.jpg 712w, https:\/\/diariotribuna.com.br\/wp-content\/uploads\/2021\/04\/3-O-veiculo-foi-visto-no-Distrito-de-Chonin-de-Baixo-em-Governador-Valadares-300x197.jpg 300w, https:\/\/diariotribuna.com.br\/wp-content\/uploads\/2021\/04\/3-O-veiculo-foi-visto-no-Distrito-de-Chonin-de-Baixo-em-Governador-Valadares-696x457.jpg 696w, https:\/\/diariotribuna.com.br\/wp-content\/uploads\/2021\/04\/3-O-veiculo-foi-visto-no-Distrito-de-Chonin-de-Baixo-em-Governador-Valadares-640x420.jpg 640w\" sizes=\"(max-width: 480px) 100vw, 480px\" \/><figcaption><strong>O ve\u00edculo foi visto no Distrito de Chonin de Baixo,<\/strong> <strong>em<\/strong><br><strong>Governador Valadares<\/strong><\/figcaption><\/figure>\n\n\n\n<figure class=\"wp-block-gallery columns-2 is-cropped wp-block-gallery-1 is-layout-flex wp-block-gallery-is-layout-flex\"><ul class=\"blocks-gallery-grid\"><li class=\"blocks-gallery-item\"><figure><img loading=\"lazy\" decoding=\"async\" width=\"400\" height=\"612\" src=\"https:\/\/diariotribuna.com.br\/wp-content\/uploads\/2021\/04\/1-Samir-Alves-Brito-de-24-anos-foi-encontrado-morto-em-Governador-Valadares.jpg\" alt=\"\" data-id=\"9543\" data-full-url=\"https:\/\/diariotribuna.com.br\/wp-content\/uploads\/2021\/04\/1-Samir-Alves-Brito-de-24-anos-foi-encontrado-morto-em-Governador-Valadares.jpg\" data-link=\"https:\/\/diariotribuna.com.br\/?attachment_id=9543\" class=\"wp-image-9543\" srcset=\"https:\/\/diariotribuna.com.br\/wp-content\/uploads\/2021\/04\/1-Samir-Alves-Brito-de-24-anos-foi-encontrado-morto-em-Governador-Valadares.jpg 400w, https:\/\/diariotribuna.com.br\/wp-content\/uploads\/2021\/04\/1-Samir-Alves-Brito-de-24-anos-foi-encontrado-morto-em-Governador-Valadares-196x300.jpg 196w, https:\/\/diariotribuna.com.br\/wp-content\/uploads\/2021\/04\/1-Samir-Alves-Brito-de-24-anos-foi-encontrado-morto-em-Governador-Valadares-275x420.jpg 275w\" sizes=\"(max-width: 400px) 100vw, 400px\" \/><figcaption class=\"blocks-gallery-item__caption\"><strong>Samir Alves Brito, 24 anos, foi encontrado morto em Governador Valadares<\/strong><\/figcaption><\/figure><\/li><li class=\"blocks-gallery-item\"><figure><img loading=\"lazy\" decoding=\"async\" width=\"500\" height=\"281\" src=\"https:\/\/diariotribuna.com.br\/wp-content\/uploads\/2021\/04\/2-Veiculo-da-vitima-foi-localizado-na-Rua-Tiete-Bairro-Jardim-Sao-Paulo-em-Teofilo-Otoni.jpg\" alt=\"\" data-id=\"9542\" data-full-url=\"https:\/\/diariotribuna.com.br\/wp-content\/uploads\/2021\/04\/2-Veiculo-da-vitima-foi-localizado-na-Rua-Tiete-Bairro-Jardim-Sao-Paulo-em-Teofilo-Otoni.jpg\" data-link=\"https:\/\/diariotribuna.com.br\/?attachment_id=9542\" class=\"wp-image-9542\" srcset=\"https:\/\/diariotribuna.com.br\/wp-content\/uploads\/2021\/04\/2-Veiculo-da-vitima-foi-localizado-na-Rua-Tiete-Bairro-Jardim-Sao-Paulo-em-Teofilo-Otoni.jpg 500w, https:\/\/diariotribuna.com.br\/wp-content\/uploads\/2021\/04\/2-Veiculo-da-vitima-foi-localizado-na-Rua-Tiete-Bairro-Jardim-Sao-Paulo-em-Teofilo-Otoni-300x169.jpg 300w\" sizes=\"(max-width: 500px) 100vw, 500px\" \/><figcaption class=\"blocks-gallery-item__caption\"><strong>Ve\u00edculo da v\u00edtima localizado na Rua Tiet\u00ea, Bairro Jardim S\u00e3o Paulo, em Te\u00f3filo Otoni<\/strong><\/figcaption><\/figure><\/li><\/ul><\/figure>\n\n\n\n<p>A Pol\u00edcia Militar foi informada que na sexta-feira (23\/04), por volta das 16h, o motorista Samir Alves Brito, de 24 anos, aceitou uma corrida para transportar tr\u00eas indiv\u00edduos de Te\u00f3filo Otoni at\u00e9 Governador Valadares, e posteriormente desapareceu. O \u00faltimo registro do sinal de GPS do celular da v\u00edtima teria sido no Distrito de Chonim de Baixo, em Governador Valadares. A PM foi ao distrito e populares informaram que o ve\u00edculo conduzido por Samir teria sido visto na Rua S\u00e3o Paulo, sentido a uma fazenda, retornando em seguida sentido \u00e0 BR-116.<\/p>\n\n\n\n<p>Os militares de Governador Valadares fizeram levantamentos, receberam informa\u00e7\u00f5es dos militares de Te\u00f3filo Otoni, que por volta das 20h o sinal de GPS do celular de Samir estaria em uma estrada vicinal que liga os distritos de Chonim de Baixo e Chonim de Cima, e na manh\u00e3 deste s\u00e1bado (24\/04), uma equipe foi ao local, fez rastreamentos e localizou o motorista j\u00e1 sem vida em um matagal, apresentando graves ferimentos, sem a cal\u00e7a e sem o sapato do p\u00e9 direito.<\/p>\n\n\n\n<p>Ap\u00f3s isolamento do local foi acionada a per\u00edcia t\u00e9cnica da Pol\u00edcia Civil, que ap\u00f3s os trabalhos de praxe o corpo de Samir foi encaminhado ao IML para necropsia. A per\u00edcia constatou que a v\u00edtima sofreu ferida contusa na cabe\u00e7a e pode ter sido provocada por peda\u00e7o de concreto. No local foram recolhidos, al\u00e9m do objeto supostamente utilizado para consumar o crime, diversos cart\u00f5es em nome da v\u00edtima, al\u00e9m de sua carteira com documentos pessoais.<\/p>\n\n\n\n<p>O aparelho celular e o ve\u00edculo da v\u00edtima, um Fiat Uno de cor prata, placa PWE-8h75, foram levados pelos autores, e localizados na manh\u00e3 deste s\u00e1bado, no Bairro Jardim S\u00e3o Paulo, em Te\u00f3filo Otoni. O ve\u00edculo estava com algumas marcas de sangue. Ainda neste s\u00e1bado, a Pol\u00edcia Militar prendeu dois suspeitos de 18 e 20 anos, no Bairro Te\u00f3filo Rocha (Morro do Cemit\u00e9rio), que teriam fretado o ve\u00edculo da v\u00edtima em Te\u00f3filo Otoni.<\/p>\n\n\n\n<p>Os dois foram conduzidos \u00e0 delegacia de Pol\u00edcia Civil, onde o delegado de plant\u00e3o, dr. C\u00e9sar C\u00e2ndido ratificou a pris\u00e3o deles por latroc\u00ednio, oculta\u00e7\u00e3o de cad\u00e1ver e corrup\u00e7\u00e3o de menores. Ainda neste s\u00e1bado, dr. C\u00e9sar representou pela pris\u00e3o preventiva desses dois maiores, assim como pela interna\u00e7\u00e3o do menor, que foi capturado neste domingo (25), tamb\u00e9m na regi\u00e3o do Morro do Cemit\u00e9rio.<\/p>\n\n\n\n<p>A titular da Delegacia de Homic\u00eddios de Te\u00f3filo Otoni, dra H\u00e9rika Ribeiro Sena est\u00e1 a cargo das investiga\u00e7\u00f5es. No s\u00e1bado, ela esteve na Rua Tiet\u00ea, Bairro Jardim S\u00e3o Paulo, onde o ve\u00edculo da v\u00edtima foi localizado. A Pol\u00edcia Civil j\u00e1 instaurou inqu\u00e9rito policial para apurar causas e circunst\u00e2ncias do crime. (Fotos: Divulga\u00e7\u00e3o). <\/p>\n","protected":false},"excerpt":{"rendered":"<p>O corpo de Samir Alves Brito, 24 anos, foi encontrado no Distrito de Chonin de Baixo em Governador Valadares A Pol\u00edcia Militar foi informada que na sexta-feira (23\/04), por volta das 16h, o motorista Samir Alves Brito, de 24 anos, aceitou uma corrida para transportar tr\u00eas indiv\u00edduos de Te\u00f3filo Otoni at\u00e9 Governador Valadares, e posteriormente [&hellip;]<\/p>\n","protected":false},"author":1,"featured_media":9541,"comment_status":"open","ping_status":"open","sticky":false,"template":"","format":"standard","meta":{"rop_custom_images_group":[],"rop_custom_messages_group":[],"rop_publish_now":"initial","rop_publish_now_accounts":[],"rop_publish_now_history":[],"rop_publish_now_status":"pending","footnotes":""},"categories":[25,20],"tags":[1712,107,3001,292,76,75],"class_list":["post-9540","post","type-post","status-publish","format-standard","has-post-thumbnail","hentry","category-destaque","category-policia","tag-governador-valadares","tag-homicidio","tag-motorista-de-aplicativo","tag-policia-civil","tag-policia-militar","tag-teofilo-otoni"],"_links":{"self":[{"href":"https:\/\/diariotribuna.com.br\/index.php?rest_route=\/wp\/v2\/posts\/9540"}],"collection":[{"href":"https:\/\/diariotribuna.com.br\/index.php?rest_route=\/wp\/v2\/posts"}],"about":[{"href":"https:\/\/diariotribuna.com.br\/index.php?rest_route=\/wp\/v2\/types\/post"}],"author":[{"embeddable":true,"href":"https:\/\/diariotribuna.com.br\/index.php?rest_route=\/wp\/v2\/users\/1"}],"replies":[{"embeddable":true,"href":"https:\/\/diariotribuna.com.br\/index.php?rest_route=%2Fwp%2Fv2%2Fcomments&post=9540"}],"version-history":[{"count":4,"href":"https:\/\/diariotribuna.com.br\/index.php?rest_route=\/wp\/v2\/posts\/9540\/revisions"}],"predecessor-version":[{"id":9553,"href":"https:\/\/diariotribuna.com.br\/index.php?rest_route=\/wp\/v2\/posts\/9540\/revisions\/9553"}],"wp:featuredmedia":[{"embeddable":true,"href":"https:\/\/diariotribuna.com.br\/index.php?rest_route=\/wp\/v2\/media\/9541"}],"wp:attachment":[{"href":"https:\/\/diariotribuna.com.br\/index.php?rest_route=%2Fwp%2Fv2%2Fmedia&parent=9540"}],"wp:term":[{"taxonomy":"category","embeddable":true,"href":"https:\/\/diariotribuna.com.br\/index.php?rest_route=%2Fwp%2Fv2%2Fcategories&post=9540"},{"taxonomy":"post_tag","embeddable":true,"href":"https:\/\/diariotribuna.com.br\/index.php?rest_route=%2Fwp%2Fv2%2Ftags&post=9540"}],"curies":[{"name":"wp","href":"https:\/\/api.w.org\/{rel}","templated":true}]}}