{"id":9547,"date":"2021-04-25T13:15:45","date_gmt":"2021-04-25T16:15:45","guid":{"rendered":"https:\/\/diariotribuna.com.br\/?p=9547"},"modified":"2021-04-25T13:17:26","modified_gmt":"2021-04-25T16:17:26","slug":"covid-19-boletim-epidemiologico-de-teofilo-otoni-24-04-21","status":"publish","type":"post","link":"https:\/\/diariotribuna.com.br\/?p=9547","title":{"rendered":"COVID-19: Boletim epidemiol\u00f3gico de Te\u00f3filo Otoni (24\/04\/21)"},"content":{"rendered":"\n<figure class=\"wp-block-image size-large is-resized is-style-default\"><img loading=\"lazy\" decoding=\"async\" src=\"https:\/\/diariotribuna.com.br\/wp-content\/uploads\/2021\/04\/Teofilo-Otoni-1.jpg\" alt=\"\" class=\"wp-image-9548\" width=\"488\" height=\"275\" srcset=\"https:\/\/diariotribuna.com.br\/wp-content\/uploads\/2021\/04\/Teofilo-Otoni-1.jpg 640w, https:\/\/diariotribuna.com.br\/wp-content\/uploads\/2021\/04\/Teofilo-Otoni-1-300x169.jpg 300w\" sizes=\"(max-width: 488px) 100vw, 488px\" \/><\/figure>\n\n\n\n<p>O boletim epidemiol\u00f3gico divulgado pela Secretaria Municipal de Sa\u00fade, na noite de s\u00e1bado (24\/04\/21), confirma 9.940 casos positivos de Covid-19 em Te\u00f3filo Otoni, 16 a mais nas \u00faltimas 24 horas, e contabiliza <strong>mais 01 \u00f3bito <\/strong>por complica\u00e7\u00f5es causadas pelo coronav\u00edrus, totalizando 280, tendo ainda 01 \u00f3bito em investiga\u00e7\u00e3o. O boletim informa ainda, que tem 752 casos ativos, 9.772 casos recuperados, e 22.775 casos descartados. O <strong>280\u00ba \u00f3bito<\/strong> ocorreu no s\u00e1bado (24\/04), tratando-se de uma idosa de 68 anos, que estava internada no Hospital Bom Samaritano, e teve o resultado confirmado por RT-PCR.<\/p>\n\n\n\n<p><strong>No boletim de sexta-feira (23\/04\/21),<\/strong> foram inseridos 05 \u00f3bitos, que ocorreram em 20\/04, 22\/04 e 23\/04\/2021. <strong>O primeiro <\/strong>trata-se de uma idosa de 65 anos, que estava internada no Hospital Santa Ros\u00e1lia. <strong>O segundo \u00f3bito <\/strong>\u00e9 de um idoso e 61 anos, que estava internado no Hospital Philadelfia. <strong>O terceiro<\/strong> \u00e9 de um homem de 56 anos, que estava internado no Hospital Philadelfia. <strong>O quarto \u00f3bito<\/strong> \u00e9 de um idoso de 69 anos, que estava internado no Hospital Santa Ros\u00e1lia. <strong>O quinto<\/strong> trata-se de um idoso de 79 anos, que estava internado no Hospital Bom Samaritano. Todos tiveram os resultados confirmados por RT-PCR.<\/p>\n\n\n\n<p><strong>Interna\u00e7\u00f5es at\u00e9 (24\/04):<\/strong> Pelo SUS, Conv\u00eanio e Particular tem 40 leitos de UTI Covid e 38 est\u00e3o ocupados, sendo 27 pacientes de Te\u00f3filo Otoni e 11 de outros munic\u00edpios (95,00% de ocupa\u00e7\u00e3o). Tem 106 leitos de Enfermaria Covid e 47 est\u00e3o ocupados, sendo 34 pacientes de Te\u00f3filo Otoni e 13 de outros munic\u00edpios (43,33% de ocupa\u00e7\u00e3o).<\/p>\n\n\n\n<p><strong>Vacin\u00f4metro:<\/strong> dados atualizados nesta quinta-feira (22\/04) mostram que j\u00e1 foram aplicadas 25.611 doses de vacina contra a Covid-19 (1\u00aa dose), e 8.888 doses (na 2\u00aa).<\/p>\n","protected":false},"excerpt":{"rendered":"<p>O boletim epidemiol\u00f3gico divulgado pela Secretaria Municipal de Sa\u00fade, na noite de s\u00e1bado (24\/04\/21), confirma 9.940 casos positivos de Covid-19 em Te\u00f3filo Otoni, 16 a mais nas \u00faltimas 24 horas, e contabiliza mais 01 \u00f3bito por complica\u00e7\u00f5es causadas pelo coronav\u00edrus, totalizando 280, tendo ainda 01 \u00f3bito em investiga\u00e7\u00e3o. O boletim informa ainda, que tem 752 [&hellip;]<\/p>\n","protected":false},"author":1,"featured_media":9548,"comment_status":"open","ping_status":"open","sticky":false,"template":"","format":"standard","meta":{"rop_custom_images_group":[],"rop_custom_messages_group":[],"rop_publish_now":"initial","rop_publish_now_accounts":[],"rop_publish_now_history":[],"rop_publish_now_status":"pending","footnotes":""},"categories":[192],"tags":[2999,489,84,75],"class_list":["post-9547","post","type-post","status-publish","format-standard","has-post-thumbnail","hentry","category-covid19","tag-24-04-21","tag-boletim-epidemiologico","tag-covid-19","tag-teofilo-otoni"],"_links":{"self":[{"href":"https:\/\/diariotribuna.com.br\/index.php?rest_route=\/wp\/v2\/posts\/9547"}],"collection":[{"href":"https:\/\/diariotribuna.com.br\/index.php?rest_route=\/wp\/v2\/posts"}],"about":[{"href":"https:\/\/diariotribuna.com.br\/index.php?rest_route=\/wp\/v2\/types\/post"}],"author":[{"embeddable":true,"href":"https:\/\/diariotribuna.com.br\/index.php?rest_route=\/wp\/v2\/users\/1"}],"replies":[{"embeddable":true,"href":"https:\/\/diariotribuna.com.br\/index.php?rest_route=%2Fwp%2Fv2%2Fcomments&post=9547"}],"version-history":[{"count":3,"href":"https:\/\/diariotribuna.com.br\/index.php?rest_route=\/wp\/v2\/posts\/9547\/revisions"}],"predecessor-version":[{"id":9551,"href":"https:\/\/diariotribuna.com.br\/index.php?rest_route=\/wp\/v2\/posts\/9547\/revisions\/9551"}],"wp:featuredmedia":[{"embeddable":true,"href":"https:\/\/diariotribuna.com.br\/index.php?rest_route=\/wp\/v2\/media\/9548"}],"wp:attachment":[{"href":"https:\/\/diariotribuna.com.br\/index.php?rest_route=%2Fwp%2Fv2%2Fmedia&parent=9547"}],"wp:term":[{"taxonomy":"category","embeddable":true,"href":"https:\/\/diariotribuna.com.br\/index.php?rest_route=%2Fwp%2Fv2%2Fcategories&post=9547"},{"taxonomy":"post_tag","embeddable":true,"href":"https:\/\/diariotribuna.com.br\/index.php?rest_route=%2Fwp%2Fv2%2Ftags&post=9547"}],"curies":[{"name":"wp","href":"https:\/\/api.w.org\/{rel}","templated":true}]}}