{"id":9565,"date":"2021-04-27T01:02:06","date_gmt":"2021-04-27T04:02:06","guid":{"rendered":"https:\/\/diariotribuna.com.br\/?p=9565"},"modified":"2021-04-27T01:02:08","modified_gmt":"2021-04-27T04:02:08","slug":"covid-19-brasil-tem-3913-mil-mortes-e-143-milhoes-de-casos","status":"publish","type":"post","link":"https:\/\/diariotribuna.com.br\/?p=9565","title":{"rendered":"Covid-19: Brasil tem 391,3 mil mortes e 14,3 milh\u00f5es de casos"},"content":{"rendered":"\n<p><strong>Equipes de sa\u00fade ainda investigam 3,6 mil \u00f3bitos<\/strong><\/p>\n\n\n\n<figure class=\"wp-block-image size-large is-resized is-style-default\"><img loading=\"lazy\" decoding=\"async\" src=\"https:\/\/diariotribuna.com.br\/wp-content\/uploads\/2021\/04\/vacinacao_drive_thru_universidade_estadual_do_rio_de_janeiro_uerj_tnrgo_abr_2502214589_0.jpg\" alt=\"\" class=\"wp-image-9566\" width=\"534\" height=\"368\" srcset=\"https:\/\/diariotribuna.com.br\/wp-content\/uploads\/2021\/04\/vacinacao_drive_thru_universidade_estadual_do_rio_de_janeiro_uerj_tnrgo_abr_2502214589_0.jpg 700w, https:\/\/diariotribuna.com.br\/wp-content\/uploads\/2021\/04\/vacinacao_drive_thru_universidade_estadual_do_rio_de_janeiro_uerj_tnrgo_abr_2502214589_0-300x207.jpg 300w, https:\/\/diariotribuna.com.br\/wp-content\/uploads\/2021\/04\/vacinacao_drive_thru_universidade_estadual_do_rio_de_janeiro_uerj_tnrgo_abr_2502214589_0-100x70.jpg 100w, https:\/\/diariotribuna.com.br\/wp-content\/uploads\/2021\/04\/vacinacao_drive_thru_universidade_estadual_do_rio_de_janeiro_uerj_tnrgo_abr_2502214589_0-218x150.jpg 218w, https:\/\/diariotribuna.com.br\/wp-content\/uploads\/2021\/04\/vacinacao_drive_thru_universidade_estadual_do_rio_de_janeiro_uerj_tnrgo_abr_2502214589_0-696x479.jpg 696w, https:\/\/diariotribuna.com.br\/wp-content\/uploads\/2021\/04\/vacinacao_drive_thru_universidade_estadual_do_rio_de_janeiro_uerj_tnrgo_abr_2502214589_0-610x420.jpg 610w\" sizes=\"(max-width: 534px) 100vw, 534px\" \/><\/figure>\n\n\n\n<p>O total de mortes causadas pela pandemia do novo coronav\u00edrus chegou a 391.936. Nas \u00faltimas 24 horas, foram confirmados 1.139 novos \u00f3bitos.\u00a0Ontem (25), o balan\u00e7o di\u00e1rio marcava 381.478 v\u00edtimas que n\u00e3o resistiram \u00e0 pandemia. Ainda h\u00e1 3.628 mortes em investiga\u00e7\u00e3o por equipes de sa\u00fade. Isso porque h\u00e1 casos em que o diagn\u00f3stico sobre a causa s\u00f3 sai ap\u00f3s o \u00f3bito do paciente.<\/p>\n\n\n\n<p>J\u00e1 a soma de diagn\u00f3sticos positivos desde o in\u00edcio da pandemia alcan\u00e7ou 14.369.423. Ontem e\u00a0hoje, foram confirmados 28.636 novos diagn\u00f3sticos positivos.\u00a0Ontem, o painel do Minist\u00e9rio da Sa\u00fade marcava 13.973.695 casos acumulados.. As informa\u00e7\u00f5es est\u00e3o na atualiza\u00e7\u00e3o di\u00e1ria do Minist\u00e9rio da Sa\u00fade, divulgada na noite desta\u00a0segunda-feira (26). O balan\u00e7o \u00e9 elaborado a partir dos dados sobre casos e mortes levantados pelas autoridades locais de sa\u00fade.<\/p>\n\n\n\n<p>O n\u00famero de pessoas recuperadas est\u00e1 em 12.879.051 e o de pacientes com casos ativos, em acompanhamento por equipes de sa\u00fade, em 1.098.436. Os dados em geral s\u00e3o menores aos domingos e \u00e0s segundas-feiras porque h\u00e1 menos trabalhadores para fazer os novos registros de casos e mortes no fim de semana. J\u00e1 \u00e0s\u00a0ter\u00e7as-feiras, os dados tendem a ser maiores, j\u00e1 que neste dia o balan\u00e7o recebe o ac\u00famulo das informa\u00e7\u00f5es n\u00e3o processadas no fim de semana.<\/p>\n\n\n\n<figure class=\"wp-block-image size-large is-resized is-style-default\"><img loading=\"lazy\" decoding=\"async\" src=\"https:\/\/diariotribuna.com.br\/wp-content\/uploads\/2021\/04\/whatsapp_image_2021-04-26_at_18.41.11.jpeg\" alt=\"\" class=\"wp-image-9567\" width=\"590\" height=\"331\" srcset=\"https:\/\/diariotribuna.com.br\/wp-content\/uploads\/2021\/04\/whatsapp_image_2021-04-26_at_18.41.11.jpeg 700w, https:\/\/diariotribuna.com.br\/wp-content\/uploads\/2021\/04\/whatsapp_image_2021-04-26_at_18.41.11-300x168.jpeg 300w, https:\/\/diariotribuna.com.br\/wp-content\/uploads\/2021\/04\/whatsapp_image_2021-04-26_at_18.41.11-696x391.jpeg 696w\" sizes=\"(max-width: 590px) 100vw, 590px\" \/><\/figure>\n\n\n\n<p><strong>Estados &#8211;<\/strong> O estado que registra mais mortes por covid-19 \u00e9 S\u00e3o Paulo (92.798). Em seguida, v\u00eam Rio\u00a0de Janeiro\u00a0(42.927), Minas Gerais (32.41), Rio Grande do Sul (24.266) e Paran\u00e1 (21.656). J\u00e1 as unidades federativas com menos \u00f3bitos pela doen\u00e7a s\u00e3o Acre (1.488), Roraima (1.472), Amap\u00e1 (1.517), Tocantins (2.473) e Alagoas (4.138).<\/p>\n\n\n\n<p><strong>(Ag\u00eancia Brasil)<\/strong><\/p>\n","protected":false},"excerpt":{"rendered":"<p>Equipes de sa\u00fade ainda investigam 3,6 mil \u00f3bitos O total de mortes causadas pela pandemia do novo coronav\u00edrus chegou a 391.936. Nas \u00faltimas 24 horas, foram confirmados 1.139 novos \u00f3bitos.\u00a0Ontem (25), o balan\u00e7o di\u00e1rio marcava 381.478 v\u00edtimas que n\u00e3o resistiram \u00e0 pandemia. Ainda h\u00e1 3.628 mortes em investiga\u00e7\u00e3o por equipes de sa\u00fade. Isso porque h\u00e1 [&hellip;]<\/p>\n","protected":false},"author":1,"featured_media":9566,"comment_status":"open","ping_status":"open","sticky":false,"template":"","format":"standard","meta":{"rop_custom_images_group":[],"rop_custom_messages_group":[],"rop_publish_now":"initial","rop_publish_now_accounts":[],"rop_publish_now_history":[],"rop_publish_now_status":"pending","footnotes":""},"categories":[192],"tags":[3002,489,393,84],"class_list":["post-9565","post","type-post","status-publish","format-standard","has-post-thumbnail","hentry","category-covid19","tag-26-04-21","tag-boletim-epidemiologico","tag-brasil","tag-covid-19"],"_links":{"self":[{"href":"https:\/\/diariotribuna.com.br\/index.php?rest_route=\/wp\/v2\/posts\/9565"}],"collection":[{"href":"https:\/\/diariotribuna.com.br\/index.php?rest_route=\/wp\/v2\/posts"}],"about":[{"href":"https:\/\/diariotribuna.com.br\/index.php?rest_route=\/wp\/v2\/types\/post"}],"author":[{"embeddable":true,"href":"https:\/\/diariotribuna.com.br\/index.php?rest_route=\/wp\/v2\/users\/1"}],"replies":[{"embeddable":true,"href":"https:\/\/diariotribuna.com.br\/index.php?rest_route=%2Fwp%2Fv2%2Fcomments&post=9565"}],"version-history":[{"count":1,"href":"https:\/\/diariotribuna.com.br\/index.php?rest_route=\/wp\/v2\/posts\/9565\/revisions"}],"predecessor-version":[{"id":9568,"href":"https:\/\/diariotribuna.com.br\/index.php?rest_route=\/wp\/v2\/posts\/9565\/revisions\/9568"}],"wp:featuredmedia":[{"embeddable":true,"href":"https:\/\/diariotribuna.com.br\/index.php?rest_route=\/wp\/v2\/media\/9566"}],"wp:attachment":[{"href":"https:\/\/diariotribuna.com.br\/index.php?rest_route=%2Fwp%2Fv2%2Fmedia&parent=9565"}],"wp:term":[{"taxonomy":"category","embeddable":true,"href":"https:\/\/diariotribuna.com.br\/index.php?rest_route=%2Fwp%2Fv2%2Fcategories&post=9565"},{"taxonomy":"post_tag","embeddable":true,"href":"https:\/\/diariotribuna.com.br\/index.php?rest_route=%2Fwp%2Fv2%2Ftags&post=9565"}],"curies":[{"name":"wp","href":"https:\/\/api.w.org\/{rel}","templated":true}]}}