{"id":9570,"date":"2021-04-27T01:20:43","date_gmt":"2021-04-27T04:20:43","guid":{"rendered":"https:\/\/diariotribuna.com.br\/?p=9570"},"modified":"2021-04-27T01:20:44","modified_gmt":"2021-04-27T04:20:44","slug":"acao-solidaria-comida-na-mesa-e-realizada-na-comarca-de-itambacuri","status":"publish","type":"post","link":"https:\/\/diariotribuna.com.br\/?p=9570","title":{"rendered":"A\u00e7\u00e3o solid\u00e1ria \u201cComida na Mesa\u201d \u00e9 realizada na comarca de Itambacuri"},"content":{"rendered":"\n<figure class=\"wp-block-image size-large is-resized is-style-default\"><img loading=\"lazy\" decoding=\"async\" src=\"https:\/\/diariotribuna.com.br\/wp-content\/uploads\/2021\/04\/9c487647-0311-4790-b233-e92a361e7b91-1.jpg\" alt=\"\" class=\"wp-image-9573\" width=\"384\" height=\"329\" srcset=\"https:\/\/diariotribuna.com.br\/wp-content\/uploads\/2021\/04\/9c487647-0311-4790-b233-e92a361e7b91-1.jpg 700w, https:\/\/diariotribuna.com.br\/wp-content\/uploads\/2021\/04\/9c487647-0311-4790-b233-e92a361e7b91-1-300x257.jpg 300w, https:\/\/diariotribuna.com.br\/wp-content\/uploads\/2021\/04\/9c487647-0311-4790-b233-e92a361e7b91-1-696x596.jpg 696w, https:\/\/diariotribuna.com.br\/wp-content\/uploads\/2021\/04\/9c487647-0311-4790-b233-e92a361e7b91-1-491x420.jpg 491w\" sizes=\"(max-width: 384px) 100vw, 384px\" \/><\/figure>\n\n\n\n<p>Inicia-se na comarca de Itambacuri a campanha Comida na Mesa, que pretende levar cestas b\u00e1sicas a fam\u00edlias carentes, previamente cadastradas, conforme listas fornecidas pelas assist\u00eancias sociais, entidades religiosas e l\u00edderes comunit\u00e1rios.<\/p>\n\n\n\n<p><strong>A a\u00e7\u00e3o solid\u00e1ria vai beneficiar 07 munic\u00edpios:<\/strong> Itambacuri, Campan\u00e1rio, Frei Gaspar, Jampruca, Pescador, Nova M\u00f3dica e S\u00e3o Jos\u00e9 do Divino. <strong>Trata-se de uma a\u00e7\u00e3o conjunta entre<\/strong>: o TRE\/MG, TJMG, MPMG, PMMG, PCMG e OAB\/MG.<\/p>\n\n\n\n<p>Sua doa\u00e7\u00e3o \u00e9 imprescind\u00edvel para o sucesso dessa campanha. <strong>H\u00e1 fam\u00edlias que n\u00e3o t\u00eam o que comer, e voc\u00ea pode ajudar a levar alimentos \u00e0s suas mesas.<\/strong> Compartilhe essa mensagem. Ajude-nos a divulgar. Juntos poderemos contribuir para n\u00e3o faltar ao menos o b\u00e1sico para a sobreviv\u00eancia das pessoas que necessitam de ajuda nesse momento.<\/p>\n\n\n\n<p>Voc\u00ea pode doar uma ou mais cestas b\u00e1sicas adquirindo-as diretamente nos supermercados de Itambacuri, parceiros desta campanha, que j\u00e1 possuem a rela\u00e7\u00e3o dos produtos que compor\u00e3o as cestas, bem como ser\u00e3o respons\u00e1veis pela entrega destas nos locais de armazenamento. <strong>S\u00e3o eles<\/strong>: o supermercado Copril, M\u00e1rcia e Smart. Outros supermercados poder\u00e3o aderir a essa causa.<\/p>\n\n\n\n<h4 class=\"wp-block-heading\"><strong>Voc\u00ea pode, ainda, doar atrav\u00e9s de transfer\u00eancia banc\u00e1ria \u00e0 Conta do Banco do Brasil 33338-7 &#8211; ag\u00eancia 2161-x chave pix: <a href=\"mailto:campanhacomidanamesa@gmail.com\">campanhacomidanamesa@gmail.com<\/a><\/strong><\/h4>\n\n\n\n<figure class=\"wp-block-image size-large is-resized is-style-default\"><img loading=\"lazy\" decoding=\"async\" src=\"https:\/\/diariotribuna.com.br\/wp-content\/uploads\/2021\/04\/7ab6cad6-bda0-4b3f-bf5b-fc167504d836-1-602x1024.jpg\" alt=\"\" class=\"wp-image-9574\" width=\"483\" height=\"822\" srcset=\"https:\/\/diariotribuna.com.br\/wp-content\/uploads\/2021\/04\/7ab6cad6-bda0-4b3f-bf5b-fc167504d836-1-602x1024.jpg 602w, https:\/\/diariotribuna.com.br\/wp-content\/uploads\/2021\/04\/7ab6cad6-bda0-4b3f-bf5b-fc167504d836-1-176x300.jpg 176w, https:\/\/diariotribuna.com.br\/wp-content\/uploads\/2021\/04\/7ab6cad6-bda0-4b3f-bf5b-fc167504d836-1-696x1184.jpg 696w, https:\/\/diariotribuna.com.br\/wp-content\/uploads\/2021\/04\/7ab6cad6-bda0-4b3f-bf5b-fc167504d836-1-247x420.jpg 247w, https:\/\/diariotribuna.com.br\/wp-content\/uploads\/2021\/04\/7ab6cad6-bda0-4b3f-bf5b-fc167504d836-1.jpg 700w\" sizes=\"(max-width: 483px) 100vw, 483px\" \/><\/figure>\n\n\n\n<p><\/p>\n","protected":false},"excerpt":{"rendered":"<p>Inicia-se na comarca de Itambacuri a campanha Comida na Mesa, que pretende levar cestas b\u00e1sicas a fam\u00edlias carentes, previamente cadastradas, conforme listas fornecidas pelas assist\u00eancias sociais, entidades religiosas e l\u00edderes comunit\u00e1rios. A a\u00e7\u00e3o solid\u00e1ria vai beneficiar 07 munic\u00edpios: Itambacuri, Campan\u00e1rio, Frei Gaspar, Jampruca, Pescador, Nova M\u00f3dica e S\u00e3o Jos\u00e9 do Divino. Trata-se de uma a\u00e7\u00e3o [&hellip;]<\/p>\n","protected":false},"author":1,"featured_media":9573,"comment_status":"open","ping_status":"open","sticky":false,"template":"","format":"standard","meta":{"rop_custom_images_group":[],"rop_custom_messages_group":[],"rop_publish_now":"initial","rop_publish_now_accounts":[],"rop_publish_now_history":[],"rop_publish_now_status":"pending","footnotes":""},"categories":[25,18],"tags":[3007,39,3006,96],"class_list":["post-9570","post","type-post","status-publish","format-standard","has-post-thumbnail","hentry","category-destaque","category-regiao","tag-acao-solidaria","tag-campanha","tag-comida-na-mesa","tag-itambacuri"],"_links":{"self":[{"href":"https:\/\/diariotribuna.com.br\/index.php?rest_route=\/wp\/v2\/posts\/9570"}],"collection":[{"href":"https:\/\/diariotribuna.com.br\/index.php?rest_route=\/wp\/v2\/posts"}],"about":[{"href":"https:\/\/diariotribuna.com.br\/index.php?rest_route=\/wp\/v2\/types\/post"}],"author":[{"embeddable":true,"href":"https:\/\/diariotribuna.com.br\/index.php?rest_route=\/wp\/v2\/users\/1"}],"replies":[{"embeddable":true,"href":"https:\/\/diariotribuna.com.br\/index.php?rest_route=%2Fwp%2Fv2%2Fcomments&post=9570"}],"version-history":[{"count":1,"href":"https:\/\/diariotribuna.com.br\/index.php?rest_route=\/wp\/v2\/posts\/9570\/revisions"}],"predecessor-version":[{"id":9575,"href":"https:\/\/diariotribuna.com.br\/index.php?rest_route=\/wp\/v2\/posts\/9570\/revisions\/9575"}],"wp:featuredmedia":[{"embeddable":true,"href":"https:\/\/diariotribuna.com.br\/index.php?rest_route=\/wp\/v2\/media\/9573"}],"wp:attachment":[{"href":"https:\/\/diariotribuna.com.br\/index.php?rest_route=%2Fwp%2Fv2%2Fmedia&parent=9570"}],"wp:term":[{"taxonomy":"category","embeddable":true,"href":"https:\/\/diariotribuna.com.br\/index.php?rest_route=%2Fwp%2Fv2%2Fcategories&post=9570"},{"taxonomy":"post_tag","embeddable":true,"href":"https:\/\/diariotribuna.com.br\/index.php?rest_route=%2Fwp%2Fv2%2Ftags&post=9570"}],"curies":[{"name":"wp","href":"https:\/\/api.w.org\/{rel}","templated":true}]}}