{"id":9996,"date":"2021-05-17T01:07:14","date_gmt":"2021-05-17T04:07:14","guid":{"rendered":"https:\/\/diariotribuna.com.br\/?p=9996"},"modified":"2021-05-17T01:07:15","modified_gmt":"2021-05-17T04:07:15","slug":"queiroga-diz-que-ministerio-estuda-campanha-de-testagem-contra-covid","status":"publish","type":"post","link":"https:\/\/diariotribuna.com.br\/?p=9996","title":{"rendered":"Queiroga diz que minist\u00e9rio estuda campanha de testagem contra covid"},"content":{"rendered":"\n<p><strong>Botucatu abriu hoje vacina\u00e7\u00e3o em massa da popula\u00e7\u00e3o para pesquisa<\/strong><\/p>\n\n\n\n<figure class=\"wp-block-image size-large is-resized is-style-default\"><img loading=\"lazy\" decoding=\"async\" src=\"https:\/\/diariotribuna.com.br\/wp-content\/uploads\/2021\/05\/img_5954_0.jpg\" alt=\"\" class=\"wp-image-9997\" width=\"505\" height=\"302\" srcset=\"https:\/\/diariotribuna.com.br\/wp-content\/uploads\/2021\/05\/img_5954_0.jpg 700w, https:\/\/diariotribuna.com.br\/wp-content\/uploads\/2021\/05\/img_5954_0-300x179.jpg 300w, https:\/\/diariotribuna.com.br\/wp-content\/uploads\/2021\/05\/img_5954_0-696x416.jpg 696w\" sizes=\"(max-width: 505px) 100vw, 505px\" \/><\/figure>\n\n\n\n<p>O ministro da Sa\u00fade, Marcelo Queiroga, informou neste domingo (16) que est\u00e1 em estudo na pasta uma ampla campanha de testagem da popula\u00e7\u00e3o brasileira para o novo coronav\u00edrus, causador da covid-19. A declara\u00e7\u00e3o foi dada em Botucatu, no interior paulista. O munic\u00edpio come\u00e7ou a vacinar hoje toda a popula\u00e7\u00e3o entre 18 e 60 anos contra a covid-19, em uma iniciativa que faz parte de\u00a0<a rel=\"noreferrer noopener\" href=\"https:\/\/agenciabrasil.ebc.com.br\/saude\/noticia\/2021-05\/botucatu-inicia-neste-domingo-vacinacao-em-massa-da-populacao-adulta\" target=\"_blank\">estudo in\u00e9dito<\/a>\u00a0sobre a efic\u00e1cia do imunizante desenvolvido pela Universidade de Oxford, em parceria com a AstraZeneca e a Funada\u00e7\u00e3o Oswaldo Cruz (Fiocruz).<\/p>\n\n\n\n<p>Sobre a interrup\u00e7\u00e3o na produ\u00e7\u00e3o de vacinas contra o coronav\u00edrus pelo Instituto Butantan pela falta do ingrediente farmac\u00eautico ativo (IFA), Queiroga ressaltou que a car\u00eancia da mat\u00e9ria-prima \u00e9 mundial. \u201c\u00c9 importante passar uma mensagem positiva para a sociedade brasileira, e n\u00e3o essa cantilena de que est\u00e1 faltando [IFA]. O Brasil precisa de tranquilidade para superarmos juntos essa dificuldade sanit\u00e1ria\u201d, disse.<\/p>\n\n\n\n<p>Ainda sobre a dificuldade na aquisi\u00e7\u00e3o de vacinas, o ministro lembrou que o Brasil faz parte do acordo Covax Facility, que alocou US$ 150 milh\u00f5es para garantir a cobertura vacinal de 10% da sua popula\u00e7\u00e3o. \u201cA prova dessa dificuldade de doses \u00e9 que mesmo a OMS [Organiza\u00e7\u00e3o Mundial da Sa\u00fade] tem dificuldade de entregar as doses que se comprometeu conosco e nem por isso n\u00f3s ficamos criticando a OMS.\u201d<\/p>\n\n\n\n<p>Queiroga acrescentou que o Brasil tem um trabalho diuturno para ter mais vacinas. Ele disse que, nesse sentido, o pa\u00eds \u00e9 o quinto que mais distribui doses. \u201cO Brasil est\u00e1 indo bem na campanha de vacina\u00e7\u00e3o. Poderia ir melhor? Claro que sim, se tiv\u00e9ssemos mais doses\u201d, ressaltou.<\/p>\n\n\n\n<p>Marcelo Queiroga destacou ainda que a curva epidemiol\u00f3gica brasileira em rela\u00e7\u00e3o n\u00e3o s\u00f3 a \u00f3bitos como interna\u00e7\u00f5es hospitalares vem tendo queda e, por isso, incentivou outras medidas. \u201cN\u00f3s precisamos, al\u00e9m da vacina\u00e7\u00e3o, de incentivar as medidas n\u00e3o farmacol\u00f3gicas, como uso de m\u00e1scaras e distanciamento social.\u201d<\/p>\n\n\n\n<p>O ministro destacou que o momento \u00e9 de uni\u00e3o e citou a\u00e7\u00f5es do governo como o pagamento do aux\u00edlio emergencial. \u201cVamos construir juntos um cen\u00e1rio que permita resgatar a sa\u00fade p\u00fablica e devolver as condi\u00e7\u00f5es econ\u00f4micas no nosso pa\u00eds\u201d, afirmou.<\/p>\n\n\n\n<h2 class=\"wp-block-heading\">China<\/h2>\n\n\n\n<p>Perguntado se os problemas com o IFA poderiam ser reflexo de problemas diplom\u00e1ticos com a China, Queiroga afirmou que o pa\u00eds asi\u00e1tico tem sido um grande parceiro para o Brasil e disse que n\u00e3o v\u00ea nenhuma fissura nas rela\u00e7\u00f5es entre o governo brasileiro e o chin\u00eas.<\/p>\n\n\n\n<p>\u201cO presidente [Jair Bolsonaro] tem uma excelente rela\u00e7\u00e3o n\u00e3o s\u00f3 com a China, mas com todas as na\u00e7\u00f5es com que o Brasil estabelece rela\u00e7\u00f5es internacionais. A China integra um bloco econ\u00f4mico importante que \u00e9 o Brics, o Brasil faz parte, a R\u00fassia faz parte, e as rela\u00e7\u00f5es s\u00e3o absolutamente normais\u201d, ressaltou Queiroga. O ministro disse ainda que o embaixador do Reino Unido no Brasil, Peter Wilson, \u201c\u00e9 um grande parceiro nosso na prospec\u00e7\u00e3o n\u00e3o s\u00f3 de IFA, mas de doses prontas de vacina.&#8221;<\/p>\n\n\n\n<h2 class=\"wp-block-heading\">Pesquisa<\/h2>\n\n\n\n<p>O munic\u00edpio de Botucatu tem cerca de 150 mil habitantes, dos quais 106 mil s\u00e3o maiores de 18 anos. Pelo projeto de vacina\u00e7\u00e3o em massa, todos esses receber\u00e3o imuniza\u00e7\u00e3o contra a covid-19, e os casos positivos na regi\u00e3o, ser\u00e3o sequenciados. A expectativa \u00e9 saber a efetividade da vacina produzida pela Fiocruz contra todas as cepas que circulam na cidade.<\/p>\n\n\n\n<p>Al\u00e9m da efetividade contra as variantes, o estudo servir\u00e1 para comparar o qu\u00e3o eficiente foi a vacina\u00e7\u00e3o em massa em rela\u00e7\u00e3o aos demais munic\u00edpios da regi\u00e3o. Botucatu abriga uma unidade do Hospital das Cl\u00ednicas da Universidade Estadual de S\u00e3o Paulo (Unesp) e, por isso, tornou-se um polo de refer\u00eancia na regi\u00e3o. O estudo ter\u00e1 dura\u00e7\u00e3o estimada de oito meses. O\u00a0per\u00edodo incluiu a aplica\u00e7\u00e3o das duas doses \u2013 com intervalo de 90 dias \u2013 e o acompanhamento da popula\u00e7\u00e3o imunizada. <em>Texto ampliado \u00e0s 11h23<\/em>.<\/p>\n\n\n\n<p><strong>(Ag\u00eancia Brasil)<\/strong><\/p>\n","protected":false},"excerpt":{"rendered":"<p>Botucatu abriu hoje vacina\u00e7\u00e3o em massa da popula\u00e7\u00e3o para pesquisa O ministro da Sa\u00fade, Marcelo Queiroga, informou neste domingo (16) que est\u00e1 em estudo na pasta uma ampla campanha de testagem da popula\u00e7\u00e3o brasileira para o novo coronav\u00edrus, causador da covid-19. A declara\u00e7\u00e3o foi dada em Botucatu, no interior paulista. O munic\u00edpio come\u00e7ou a vacinar [&hellip;]<\/p>\n","protected":false},"author":1,"featured_media":9997,"comment_status":"open","ping_status":"open","sticky":false,"template":"","format":"standard","meta":{"rop_custom_images_group":[],"rop_custom_messages_group":[],"rop_publish_now":"initial","rop_publish_now_accounts":[],"rop_publish_now_history":[],"rop_publish_now_status":"pending","footnotes":""},"categories":[192],"tags":[393,39,84,2574,3101],"class_list":["post-9996","post","type-post","status-publish","format-standard","has-post-thumbnail","hentry","category-covid19","tag-brasil","tag-campanha","tag-covid-19","tag-estudos","tag-testagem"],"_links":{"self":[{"href":"https:\/\/diariotribuna.com.br\/index.php?rest_route=\/wp\/v2\/posts\/9996"}],"collection":[{"href":"https:\/\/diariotribuna.com.br\/index.php?rest_route=\/wp\/v2\/posts"}],"about":[{"href":"https:\/\/diariotribuna.com.br\/index.php?rest_route=\/wp\/v2\/types\/post"}],"author":[{"embeddable":true,"href":"https:\/\/diariotribuna.com.br\/index.php?rest_route=\/wp\/v2\/users\/1"}],"replies":[{"embeddable":true,"href":"https:\/\/diariotribuna.com.br\/index.php?rest_route=%2Fwp%2Fv2%2Fcomments&post=9996"}],"version-history":[{"count":1,"href":"https:\/\/diariotribuna.com.br\/index.php?rest_route=\/wp\/v2\/posts\/9996\/revisions"}],"predecessor-version":[{"id":9998,"href":"https:\/\/diariotribuna.com.br\/index.php?rest_route=\/wp\/v2\/posts\/9996\/revisions\/9998"}],"wp:featuredmedia":[{"embeddable":true,"href":"https:\/\/diariotribuna.com.br\/index.php?rest_route=\/wp\/v2\/media\/9997"}],"wp:attachment":[{"href":"https:\/\/diariotribuna.com.br\/index.php?rest_route=%2Fwp%2Fv2%2Fmedia&parent=9996"}],"wp:term":[{"taxonomy":"category","embeddable":true,"href":"https:\/\/diariotribuna.com.br\/index.php?rest_route=%2Fwp%2Fv2%2Fcategories&post=9996"},{"taxonomy":"post_tag","embeddable":true,"href":"https:\/\/diariotribuna.com.br\/index.php?rest_route=%2Fwp%2Fv2%2Ftags&post=9996"}],"curies":[{"name":"wp","href":"https:\/\/api.w.org\/{rel}","templated":true}]}}